{"items":"\t\t\t<link rel=\"stylesheet\" id=\"wd-photoswipe-css\" href=\"https:\/\/hackl-gastro.at\/wp-content\/themes\/woodmart\/css\/parts\/lib-photoswipe.min.css?ver=7.3.0\" type=\"text\/css\" media=\"all\" \/> \t\t\t\t\t\t<link rel=\"stylesheet\" id=\"wd-project-under-css\" href=\"https:\/\/hackl-gastro.at\/wp-content\/themes\/woodmart\/css\/parts\/project-under.min.css?ver=7.3.0\" type=\"text\/css\" media=\"all\" \/> \t\t\t\n\t\t\n\t\t\n\t\t\t\t\t\t\t\t\n<article id=\"post-17609\" class=\"portfolio-entry  col-lg-4 col-md-4 col-sm-6 col-12 portfolio-single masonry-item proj-cat-family-and-friends portfolio-text-shown post-17609 portfolio type-portfolio status-publish has-post-thumbnail hentry project-cat-family-and-friends\">\n\t<header class=\"entry-header\">\n\t\t\t\t\t<figure class=\"entry-thumbnail color-scheme-light\">\n\t\t\t\t<a href=\"https:\/\/hackl-gastro.at\/aktuelles\/family-burger-2for1\/\" class=\"portfolio-thumbnail\">\n\t\t\t\t\t<img width=\"1200\" height=\"800\" src=\"https:\/\/hackl-gastro.at\/wp-content\/uploads\/GOWien_Cheeseburger_Hackl-Gastro-Mittagsmenue-1200x800.jpg\" class=\"attachment-large size-large\" alt=\"GOWien_Cheeseburger_Hackl Gastro Mittagsmen\u00fc\" decoding=\"async\" srcset=\"https:\/\/hackl-gastro.at\/wp-content\/uploads\/GOWien_Cheeseburger_Hackl-Gastro-Mittagsmenue-1200x800.jpg 1200w, https:\/\/hackl-gastro.at\/wp-content\/uploads\/GOWien_Cheeseburger_Hackl-Gastro-Mittagsmenue-430x287.jpg 430w, https:\/\/hackl-gastro.at\/wp-content\/uploads\/GOWien_Cheeseburger_Hackl-Gastro-Mittagsmenue-150x100.jpg 150w, https:\/\/hackl-gastro.at\/wp-content\/uploads\/GOWien_Cheeseburger_Hackl-Gastro-Mittagsmenue-700x467.jpg 700w, https:\/\/hackl-gastro.at\/wp-content\/uploads\/GOWien_Cheeseburger_Hackl-Gastro-Mittagsmenue-400x267.jpg 400w, https:\/\/hackl-gastro.at\/wp-content\/uploads\/GOWien_Cheeseburger_Hackl-Gastro-Mittagsmenue-768x512.jpg 768w, https:\/\/hackl-gastro.at\/wp-content\/uploads\/GOWien_Cheeseburger_Hackl-Gastro-Mittagsmenue-1536x1024.jpg 1536w, https:\/\/hackl-gastro.at\/wp-content\/uploads\/GOWien_Cheeseburger_Hackl-Gastro-Mittagsmenue-860x573.jpg 860w, https:\/\/hackl-gastro.at\/wp-content\/uploads\/GOWien_Cheeseburger_Hackl-Gastro-Mittagsmenue.jpg 1920w\" sizes=\"(max-width: 1200px) 100vw, 1200px\" \/>\t\t\t\t<\/a>\n\t\t\t\t<div class=\"wd-portfolio-btns\">\n\t\t\t\t\t<div class=\"portfolio-enlarge wd-action-btn wd-style-icon wd-enlarge-icon wd-tltp wd-tltp-left\">\n\t\t\t\t\t\t<a href=\"https:\/\/hackl-gastro.at\/wp-content\/uploads\/GOWien_Cheeseburger_Hackl-Gastro-Mittagsmenue.jpg\" data-elementor-open-lightbox=\"no\">View Large<\/a>\n\t\t\t\t\t<\/div>\n\t\t\t\t\t\t\t\t\t\t\t<div class=\"social-icons-wrapper wd-action-btn wd-style-icon wd-share-icon wd-tltp wd-tltp-left\">\n\t\t\t\t\t\t\t<a><\/a>\n\t\t\t\t\t\t\t<div class=\"wd-tooltip-label\">\n\t\t\t\t\t\t\t\t\t\t\t<link rel=\"stylesheet\" id=\"wd-social-icons-css\" href=\"https:\/\/hackl-gastro.at\/wp-content\/themes\/woodmart\/css\/parts\/el-social-icons.min.css?ver=7.3.0\" type=\"text\/css\" media=\"all\" \/> \t\t\t\n\t\t\t<div class=\" wd-social-icons icons-design-default icons-size-small color-scheme-light social-share social-form-circle text-center\">\n\n\t\t\t\t\n\t\t\t\t\t\t\t\t\t<a rel=\"noopener noreferrer nofollow\" href=\"https:\/\/www.facebook.com\/sharer\/sharer.php?u=https:\/\/hackl-gastro.at\/aktuelles\/family-burger-2for1\/\" target=\"_blank\" class=\" wd-social-icon social-facebook\" aria-label=\"Facebook social link\">\n\t\t\t\t\t\t<span class=\"wd-icon\"><\/span>\n\t\t\t\t\t\t\t\t\t\t\t<\/a>\n\t\t\t\t\n\t\t\t\t\t\t\t\t\t<a rel=\"noopener noreferrer nofollow\" href=\"https:\/\/twitter.com\/share?url=https:\/\/hackl-gastro.at\/aktuelles\/family-burger-2for1\/\" target=\"_blank\" class=\" wd-social-icon social-twitter\" aria-label=\"Twitter social link\">\n\t\t\t\t\t\t<span class=\"wd-icon\"><\/span>\n\t\t\t\t\t\t\t\t\t\t\t<\/a>\n\t\t\t\t\n\t\t\t\t\n\t\t\t\t\n\t\t\t\t\n\t\t\t\t\t\t\t\t\t<a rel=\"noopener noreferrer nofollow\" href=\"https:\/\/pinterest.com\/pin\/create\/button\/?url=https:\/\/hackl-gastro.at\/aktuelles\/family-burger-2for1\/&media=https:\/\/hackl-gastro.at\/wp-content\/uploads\/GOWien_Cheeseburger_Hackl-Gastro-Mittagsmenue.jpg&description=Jeden+Dienstag%3A+-30%25+auf+Cheese+%26%23038%3B+Veggi+Burger\" target=\"_blank\" class=\" wd-social-icon social-pinterest\" aria-label=\"Pinterest social link\">\n\t\t\t\t\t\t<span class=\"wd-icon\"><\/span>\n\t\t\t\t\t\t\t\t\t\t\t<\/a>\n\t\t\t\t\n\t\t\t\t\n\t\t\t\t\t\t\t\t\t<a rel=\"noopener noreferrer nofollow\" href=\"https:\/\/www.linkedin.com\/shareArticle?mini=true&url=https:\/\/hackl-gastro.at\/aktuelles\/family-burger-2for1\/\" target=\"_blank\" class=\" wd-social-icon social-linkedin\" aria-label=\"Linkedin social link\">\n\t\t\t\t\t\t<span class=\"wd-icon\"><\/span>\n\t\t\t\t\t\t\t\t\t\t\t<\/a>\n\t\t\t\t\n\t\t\t\t\n\t\t\t\t\n\t\t\t\t\n\t\t\t\t\n\t\t\t\t\n\t\t\t\t\n\t\t\t\t\n\t\t\t\t\n\t\t\t\t\n\t\t\t\t\t\t\t\t\n\t\t\t\t\t\t\t\t\n\t\t\t\t\n\t\t\t\t\n\t\t\t\t\t\t\t\t\t<a rel=\"noopener noreferrer nofollow\" href=\"https:\/\/telegram.me\/share\/url?url=https:\/\/hackl-gastro.at\/aktuelles\/family-burger-2for1\/\" target=\"_blank\" class=\" wd-social-icon social-tg\" aria-label=\"Telegram social link\">\n\t\t\t\t\t\t<span class=\"wd-icon\"><\/span>\n\t\t\t\t\t\t\t\t\t\t\t<\/a>\n\t\t\t\t\t\t\t\t\n\t\t\t\t\n\t\t\t<\/div>\n\n\t\t\t\t\t\t\t\t\t<\/div>\n\t\t\t\t\t\t<\/div>\n\t\t\t\t\t\t\t\t\t<\/div>\n\t\t\t<\/figure>\n\t\t\n\t\t<div class=\"portfolio-info\">\n\t\t\t\t\t\t\t<div class=\"wrap-meta\">\n\t\t\t\t\t<ul class=\"proj-cats-list\">\n\t\t\t\t\t\t\t\t\t\t\t\t\t\t\t\t\t\t\t\t<li>Family and Friends<\/li>\n\t\t\t\t\t\t\t\t\t\t\t<\/ul>\n\t\t\t\t<\/div>\n\t\t\t\n\t\t\t<div class=\"wrap-title\">\n\t\t\t\t<h3 class=\"wd-entities-title\">\n\t\t\t\t\t<a href=\"https:\/\/hackl-gastro.at\/aktuelles\/family-burger-2for1\/\" rel=\"bookmark\">Jeden Dienstag: -30% auf Cheese &#038; Veggi Burger<\/a>\n\t\t\t\t<\/h3>\n\t\t\t<\/div>\n\t\t<\/div>\n\t<\/header>\n<\/article>\n\t\t\t\t\t\t\t\t\n<article id=\"post-17604\" class=\"portfolio-entry  col-lg-4 col-md-4 col-sm-6 col-12 portfolio-single masonry-item proj-cat-family-and-friends portfolio-text-shown post-17604 portfolio type-portfolio status-publish has-post-thumbnail hentry project-cat-family-and-friends\">\n\t<header class=\"entry-header\">\n\t\t\t\t\t<figure class=\"entry-thumbnail color-scheme-light\">\n\t\t\t\t<a href=\"https:\/\/hackl-gastro.at\/aktuelles\/local-for-you\/\" class=\"portfolio-thumbnail\">\n\t\t\t\t\t<img width=\"1200\" height=\"800\" src=\"https:\/\/hackl-gastro.at\/wp-content\/uploads\/Local-for-you-Family-Friends-Hackl-Gastro-1200x800.jpg\" class=\"attachment-large size-large\" alt=\"Local for you Family Friends Hackl Gastro\" decoding=\"async\" srcset=\"https:\/\/hackl-gastro.at\/wp-content\/uploads\/Local-for-you-Family-Friends-Hackl-Gastro-1200x800.jpg 1200w, https:\/\/hackl-gastro.at\/wp-content\/uploads\/Local-for-you-Family-Friends-Hackl-Gastro-430x287.jpg 430w, https:\/\/hackl-gastro.at\/wp-content\/uploads\/Local-for-you-Family-Friends-Hackl-Gastro-150x100.jpg 150w, https:\/\/hackl-gastro.at\/wp-content\/uploads\/Local-for-you-Family-Friends-Hackl-Gastro-700x467.jpg 700w, https:\/\/hackl-gastro.at\/wp-content\/uploads\/Local-for-you-Family-Friends-Hackl-Gastro-400x267.jpg 400w, https:\/\/hackl-gastro.at\/wp-content\/uploads\/Local-for-you-Family-Friends-Hackl-Gastro-768x512.jpg 768w, https:\/\/hackl-gastro.at\/wp-content\/uploads\/Local-for-you-Family-Friends-Hackl-Gastro-1536x1024.jpg 1536w, https:\/\/hackl-gastro.at\/wp-content\/uploads\/Local-for-you-Family-Friends-Hackl-Gastro-860x573.jpg 860w, https:\/\/hackl-gastro.at\/wp-content\/uploads\/Local-for-you-Family-Friends-Hackl-Gastro.jpg 1920w\" sizes=\"(max-width: 1200px) 100vw, 1200px\" \/>\t\t\t\t<\/a>\n\t\t\t\t<div class=\"wd-portfolio-btns\">\n\t\t\t\t\t<div class=\"portfolio-enlarge wd-action-btn wd-style-icon wd-enlarge-icon wd-tltp wd-tltp-left\">\n\t\t\t\t\t\t<a href=\"https:\/\/hackl-gastro.at\/wp-content\/uploads\/Local-for-you-Family-Friends-Hackl-Gastro.jpg\" data-elementor-open-lightbox=\"no\">View Large<\/a>\n\t\t\t\t\t<\/div>\n\t\t\t\t\t\t\t\t\t\t\t<div class=\"social-icons-wrapper wd-action-btn wd-style-icon wd-share-icon wd-tltp wd-tltp-left\">\n\t\t\t\t\t\t\t<a><\/a>\n\t\t\t\t\t\t\t<div class=\"wd-tooltip-label\">\n\t\t\t\t\t\t\t\t\n\t\t\t<div class=\" wd-social-icons icons-design-default icons-size-small color-scheme-light social-share social-form-circle text-center\">\n\n\t\t\t\t\n\t\t\t\t\t\t\t\t\t<a rel=\"noopener noreferrer nofollow\" href=\"https:\/\/www.facebook.com\/sharer\/sharer.php?u=https:\/\/hackl-gastro.at\/aktuelles\/local-for-you\/\" target=\"_blank\" class=\" wd-social-icon social-facebook\" aria-label=\"Facebook social link\">\n\t\t\t\t\t\t<span class=\"wd-icon\"><\/span>\n\t\t\t\t\t\t\t\t\t\t\t<\/a>\n\t\t\t\t\n\t\t\t\t\t\t\t\t\t<a rel=\"noopener noreferrer nofollow\" href=\"https:\/\/twitter.com\/share?url=https:\/\/hackl-gastro.at\/aktuelles\/local-for-you\/\" target=\"_blank\" class=\" wd-social-icon social-twitter\" aria-label=\"Twitter social link\">\n\t\t\t\t\t\t<span class=\"wd-icon\"><\/span>\n\t\t\t\t\t\t\t\t\t\t\t<\/a>\n\t\t\t\t\n\t\t\t\t\n\t\t\t\t\n\t\t\t\t\n\t\t\t\t\t\t\t\t\t<a rel=\"noopener noreferrer nofollow\" href=\"https:\/\/pinterest.com\/pin\/create\/button\/?url=https:\/\/hackl-gastro.at\/aktuelles\/local-for-you\/&media=https:\/\/hackl-gastro.at\/wp-content\/uploads\/Local-for-you-Family-Friends-Hackl-Gastro.jpg&description=Jeden+Freitag%3A+Local+for+You+-30%25\" target=\"_blank\" class=\" wd-social-icon social-pinterest\" aria-label=\"Pinterest social link\">\n\t\t\t\t\t\t<span class=\"wd-icon\"><\/span>\n\t\t\t\t\t\t\t\t\t\t\t<\/a>\n\t\t\t\t\n\t\t\t\t\n\t\t\t\t\t\t\t\t\t<a rel=\"noopener noreferrer nofollow\" href=\"https:\/\/www.linkedin.com\/shareArticle?mini=true&url=https:\/\/hackl-gastro.at\/aktuelles\/local-for-you\/\" target=\"_blank\" class=\" wd-social-icon social-linkedin\" aria-label=\"Linkedin social link\">\n\t\t\t\t\t\t<span class=\"wd-icon\"><\/span>\n\t\t\t\t\t\t\t\t\t\t\t<\/a>\n\t\t\t\t\n\t\t\t\t\n\t\t\t\t\n\t\t\t\t\n\t\t\t\t\n\t\t\t\t\n\t\t\t\t\n\t\t\t\t\n\t\t\t\t\n\t\t\t\t\n\t\t\t\t\t\t\t\t\n\t\t\t\t\t\t\t\t\n\t\t\t\t\n\t\t\t\t\n\t\t\t\t\t\t\t\t\t<a rel=\"noopener noreferrer nofollow\" href=\"https:\/\/telegram.me\/share\/url?url=https:\/\/hackl-gastro.at\/aktuelles\/local-for-you\/\" target=\"_blank\" class=\" wd-social-icon social-tg\" aria-label=\"Telegram social link\">\n\t\t\t\t\t\t<span class=\"wd-icon\"><\/span>\n\t\t\t\t\t\t\t\t\t\t\t<\/a>\n\t\t\t\t\t\t\t\t\n\t\t\t\t\n\t\t\t<\/div>\n\n\t\t\t\t\t\t\t\t\t<\/div>\n\t\t\t\t\t\t<\/div>\n\t\t\t\t\t\t\t\t\t<\/div>\n\t\t\t<\/figure>\n\t\t\n\t\t<div class=\"portfolio-info\">\n\t\t\t\t\t\t\t<div class=\"wrap-meta\">\n\t\t\t\t\t<ul class=\"proj-cats-list\">\n\t\t\t\t\t\t\t\t\t\t\t\t\t\t\t\t\t\t\t\t<li>Family and Friends<\/li>\n\t\t\t\t\t\t\t\t\t\t\t<\/ul>\n\t\t\t\t<\/div>\n\t\t\t\n\t\t\t<div class=\"wrap-title\">\n\t\t\t\t<h3 class=\"wd-entities-title\">\n\t\t\t\t\t<a href=\"https:\/\/hackl-gastro.at\/aktuelles\/local-for-you\/\" rel=\"bookmark\">Jeden Freitag: Local for You -30%<\/a>\n\t\t\t\t<\/h3>\n\t\t\t<\/div>\n\t\t<\/div>\n\t<\/header>\n<\/article>\n\t\t\t\t\t\t\t\t\n<article id=\"post-16945\" class=\"portfolio-entry  col-lg-4 col-md-4 col-sm-6 col-12 portfolio-single masonry-item proj-cat-gowien portfolio-text-shown post-16945 portfolio type-portfolio status-publish has-post-thumbnail hentry project-cat-gowien\">\n\t<header class=\"entry-header\">\n\t\t\t\t\t<figure class=\"entry-thumbnail color-scheme-light\">\n\t\t\t\t<a href=\"https:\/\/hackl-gastro.at\/aktuelles\/wiener-versuchung-fuer-zwei\/\" class=\"portfolio-thumbnail\">\n\t\t\t\t\t<img width=\"1200\" height=\"800\" src=\"https:\/\/hackl-gastro.at\/wp-content\/uploads\/Wiener_Versuchung_fuer_Zwei_Hackl-Gastro_1.jpg\" class=\"attachment-large size-large\" alt=\"Wiener Versuchung f\u00fcr Zwei Hackl Gastro\" decoding=\"async\" srcset=\"https:\/\/hackl-gastro.at\/wp-content\/uploads\/Wiener_Versuchung_fuer_Zwei_Hackl-Gastro_1.jpg 1200w, https:\/\/hackl-gastro.at\/wp-content\/uploads\/Wiener_Versuchung_fuer_Zwei_Hackl-Gastro_1-400x267.jpg 400w, https:\/\/hackl-gastro.at\/wp-content\/uploads\/Wiener_Versuchung_fuer_Zwei_Hackl-Gastro_1-768x512.jpg 768w, https:\/\/hackl-gastro.at\/wp-content\/uploads\/Wiener_Versuchung_fuer_Zwei_Hackl-Gastro_1-860x573.jpg 860w, https:\/\/hackl-gastro.at\/wp-content\/uploads\/Wiener_Versuchung_fuer_Zwei_Hackl-Gastro_1-430x287.jpg 430w, https:\/\/hackl-gastro.at\/wp-content\/uploads\/Wiener_Versuchung_fuer_Zwei_Hackl-Gastro_1-700x467.jpg 700w, https:\/\/hackl-gastro.at\/wp-content\/uploads\/Wiener_Versuchung_fuer_Zwei_Hackl-Gastro_1-150x100.jpg 150w\" sizes=\"(max-width: 1200px) 100vw, 1200px\" \/>\t\t\t\t<\/a>\n\t\t\t\t<div class=\"wd-portfolio-btns\">\n\t\t\t\t\t<div class=\"portfolio-enlarge wd-action-btn wd-style-icon wd-enlarge-icon wd-tltp wd-tltp-left\">\n\t\t\t\t\t\t<a href=\"https:\/\/hackl-gastro.at\/wp-content\/uploads\/Wiener_Versuchung_fuer_Zwei_Hackl-Gastro_1.jpg\" data-elementor-open-lightbox=\"no\">View Large<\/a>\n\t\t\t\t\t<\/div>\n\t\t\t\t\t\t\t\t\t\t\t<div class=\"social-icons-wrapper wd-action-btn wd-style-icon wd-share-icon wd-tltp wd-tltp-left\">\n\t\t\t\t\t\t\t<a><\/a>\n\t\t\t\t\t\t\t<div class=\"wd-tooltip-label\">\n\t\t\t\t\t\t\t\t\n\t\t\t<div class=\" wd-social-icons icons-design-default icons-size-small color-scheme-light social-share social-form-circle text-center\">\n\n\t\t\t\t\n\t\t\t\t\t\t\t\t\t<a rel=\"noopener noreferrer nofollow\" href=\"https:\/\/www.facebook.com\/sharer\/sharer.php?u=https:\/\/hackl-gastro.at\/aktuelles\/wiener-versuchung-fuer-zwei\/\" target=\"_blank\" class=\" wd-social-icon social-facebook\" aria-label=\"Facebook social link\">\n\t\t\t\t\t\t<span class=\"wd-icon\"><\/span>\n\t\t\t\t\t\t\t\t\t\t\t<\/a>\n\t\t\t\t\n\t\t\t\t\t\t\t\t\t<a rel=\"noopener noreferrer nofollow\" href=\"https:\/\/twitter.com\/share?url=https:\/\/hackl-gastro.at\/aktuelles\/wiener-versuchung-fuer-zwei\/\" target=\"_blank\" class=\" wd-social-icon social-twitter\" aria-label=\"Twitter social link\">\n\t\t\t\t\t\t<span class=\"wd-icon\"><\/span>\n\t\t\t\t\t\t\t\t\t\t\t<\/a>\n\t\t\t\t\n\t\t\t\t\n\t\t\t\t\n\t\t\t\t\n\t\t\t\t\t\t\t\t\t<a rel=\"noopener noreferrer nofollow\" href=\"https:\/\/pinterest.com\/pin\/create\/button\/?url=https:\/\/hackl-gastro.at\/aktuelles\/wiener-versuchung-fuer-zwei\/&media=https:\/\/hackl-gastro.at\/wp-content\/uploads\/Wiener_Versuchung_fuer_Zwei_Hackl-Gastro_1.jpg&description=Jeden+Mittwoch%3A+Wiener+Versuchung+Men%C3%BC+-30%25\" target=\"_blank\" class=\" wd-social-icon social-pinterest\" aria-label=\"Pinterest social link\">\n\t\t\t\t\t\t<span class=\"wd-icon\"><\/span>\n\t\t\t\t\t\t\t\t\t\t\t<\/a>\n\t\t\t\t\n\t\t\t\t\n\t\t\t\t\t\t\t\t\t<a rel=\"noopener noreferrer nofollow\" href=\"https:\/\/www.linkedin.com\/shareArticle?mini=true&url=https:\/\/hackl-gastro.at\/aktuelles\/wiener-versuchung-fuer-zwei\/\" target=\"_blank\" class=\" wd-social-icon social-linkedin\" aria-label=\"Linkedin social link\">\n\t\t\t\t\t\t<span class=\"wd-icon\"><\/span>\n\t\t\t\t\t\t\t\t\t\t\t<\/a>\n\t\t\t\t\n\t\t\t\t\n\t\t\t\t\n\t\t\t\t\n\t\t\t\t\n\t\t\t\t\n\t\t\t\t\n\t\t\t\t\n\t\t\t\t\n\t\t\t\t\n\t\t\t\t\t\t\t\t\n\t\t\t\t\t\t\t\t\n\t\t\t\t\n\t\t\t\t\n\t\t\t\t\t\t\t\t\t<a rel=\"noopener noreferrer nofollow\" href=\"https:\/\/telegram.me\/share\/url?url=https:\/\/hackl-gastro.at\/aktuelles\/wiener-versuchung-fuer-zwei\/\" target=\"_blank\" class=\" wd-social-icon social-tg\" aria-label=\"Telegram social link\">\n\t\t\t\t\t\t<span class=\"wd-icon\"><\/span>\n\t\t\t\t\t\t\t\t\t\t\t<\/a>\n\t\t\t\t\t\t\t\t\n\t\t\t\t\n\t\t\t<\/div>\n\n\t\t\t\t\t\t\t\t\t<\/div>\n\t\t\t\t\t\t<\/div>\n\t\t\t\t\t\t\t\t\t<\/div>\n\t\t\t<\/figure>\n\t\t\n\t\t<div class=\"portfolio-info\">\n\t\t\t\t\t\t\t<div class=\"wrap-meta\">\n\t\t\t\t\t<ul class=\"proj-cats-list\">\n\t\t\t\t\t\t\t\t\t\t\t\t\t\t\t\t\t\t\t\t<li>Go!Wien<\/li>\n\t\t\t\t\t\t\t\t\t\t\t<\/ul>\n\t\t\t\t<\/div>\n\t\t\t\n\t\t\t<div class=\"wrap-title\">\n\t\t\t\t<h3 class=\"wd-entities-title\">\n\t\t\t\t\t<a href=\"https:\/\/hackl-gastro.at\/aktuelles\/wiener-versuchung-fuer-zwei\/\" rel=\"bookmark\">Jeden Mittwoch: Wiener Versuchung Men\u00fc -30%<\/a>\n\t\t\t\t<\/h3>\n\t\t\t<\/div>\n\t\t<\/div>\n\t<\/header>\n<\/article>\n\t\t\t\t\t\t\t\t\n<article id=\"post-17801\" class=\"portfolio-entry  col-lg-4 col-md-4 col-sm-6 col-12 portfolio-single masonry-item proj-cat-family-and-friends portfolio-text-shown post-17801 portfolio type-portfolio status-publish has-post-thumbnail hentry project-cat-family-and-friends\">\n\t<header class=\"entry-header\">\n\t\t\t\t\t<figure class=\"entry-thumbnail color-scheme-light\">\n\t\t\t\t<a href=\"https:\/\/hackl-gastro.at\/aktuelles\/fruehstueck-family-friends\/\" class=\"portfolio-thumbnail\">\n\t\t\t\t\t<img width=\"1200\" height=\"800\" src=\"https:\/\/hackl-gastro.at\/wp-content\/uploads\/Fruehstuecken_im_GO_Wien_Hackl_Gastro.jpg\" class=\"attachment-large size-large\" alt=\"Fr\u00fchst\u00fccken im GO!Wien Hackl Gastro\" decoding=\"async\" srcset=\"https:\/\/hackl-gastro.at\/wp-content\/uploads\/Fruehstuecken_im_GO_Wien_Hackl_Gastro.jpg 1200w, https:\/\/hackl-gastro.at\/wp-content\/uploads\/Fruehstuecken_im_GO_Wien_Hackl_Gastro-400x267.jpg 400w, https:\/\/hackl-gastro.at\/wp-content\/uploads\/Fruehstuecken_im_GO_Wien_Hackl_Gastro-768x512.jpg 768w, https:\/\/hackl-gastro.at\/wp-content\/uploads\/Fruehstuecken_im_GO_Wien_Hackl_Gastro-860x573.jpg 860w, https:\/\/hackl-gastro.at\/wp-content\/uploads\/Fruehstuecken_im_GO_Wien_Hackl_Gastro-430x287.jpg 430w, https:\/\/hackl-gastro.at\/wp-content\/uploads\/Fruehstuecken_im_GO_Wien_Hackl_Gastro-700x467.jpg 700w, https:\/\/hackl-gastro.at\/wp-content\/uploads\/Fruehstuecken_im_GO_Wien_Hackl_Gastro-150x100.jpg 150w\" sizes=\"(max-width: 1200px) 100vw, 1200px\" \/>\t\t\t\t<\/a>\n\t\t\t\t<div class=\"wd-portfolio-btns\">\n\t\t\t\t\t<div class=\"portfolio-enlarge wd-action-btn wd-style-icon wd-enlarge-icon wd-tltp wd-tltp-left\">\n\t\t\t\t\t\t<a href=\"https:\/\/hackl-gastro.at\/wp-content\/uploads\/Fruehstuecken_im_GO_Wien_Hackl_Gastro.jpg\" data-elementor-open-lightbox=\"no\">View Large<\/a>\n\t\t\t\t\t<\/div>\n\t\t\t\t\t\t\t\t\t\t\t<div class=\"social-icons-wrapper wd-action-btn wd-style-icon wd-share-icon wd-tltp wd-tltp-left\">\n\t\t\t\t\t\t\t<a><\/a>\n\t\t\t\t\t\t\t<div class=\"wd-tooltip-label\">\n\t\t\t\t\t\t\t\t\n\t\t\t<div class=\" wd-social-icons icons-design-default icons-size-small color-scheme-light social-share social-form-circle text-center\">\n\n\t\t\t\t\n\t\t\t\t\t\t\t\t\t<a rel=\"noopener noreferrer nofollow\" href=\"https:\/\/www.facebook.com\/sharer\/sharer.php?u=https:\/\/hackl-gastro.at\/aktuelles\/fruehstueck-family-friends\/\" target=\"_blank\" class=\" wd-social-icon social-facebook\" aria-label=\"Facebook social link\">\n\t\t\t\t\t\t<span class=\"wd-icon\"><\/span>\n\t\t\t\t\t\t\t\t\t\t\t<\/a>\n\t\t\t\t\n\t\t\t\t\t\t\t\t\t<a rel=\"noopener noreferrer nofollow\" href=\"https:\/\/twitter.com\/share?url=https:\/\/hackl-gastro.at\/aktuelles\/fruehstueck-family-friends\/\" target=\"_blank\" class=\" wd-social-icon social-twitter\" aria-label=\"Twitter social link\">\n\t\t\t\t\t\t<span class=\"wd-icon\"><\/span>\n\t\t\t\t\t\t\t\t\t\t\t<\/a>\n\t\t\t\t\n\t\t\t\t\n\t\t\t\t\n\t\t\t\t\n\t\t\t\t\t\t\t\t\t<a rel=\"noopener noreferrer nofollow\" href=\"https:\/\/pinterest.com\/pin\/create\/button\/?url=https:\/\/hackl-gastro.at\/aktuelles\/fruehstueck-family-friends\/&media=https:\/\/hackl-gastro.at\/wp-content\/uploads\/Fruehstuecken_im_GO_Wien_Hackl_Gastro.jpg&description=T%C3%A4glich%3A+Fr%C3%BChst%C3%BCck+im+Family+and+Friends\" target=\"_blank\" class=\" wd-social-icon social-pinterest\" aria-label=\"Pinterest social link\">\n\t\t\t\t\t\t<span class=\"wd-icon\"><\/span>\n\t\t\t\t\t\t\t\t\t\t\t<\/a>\n\t\t\t\t\n\t\t\t\t\n\t\t\t\t\t\t\t\t\t<a rel=\"noopener noreferrer nofollow\" href=\"https:\/\/www.linkedin.com\/shareArticle?mini=true&url=https:\/\/hackl-gastro.at\/aktuelles\/fruehstueck-family-friends\/\" target=\"_blank\" class=\" wd-social-icon social-linkedin\" aria-label=\"Linkedin social link\">\n\t\t\t\t\t\t<span class=\"wd-icon\"><\/span>\n\t\t\t\t\t\t\t\t\t\t\t<\/a>\n\t\t\t\t\n\t\t\t\t\n\t\t\t\t\n\t\t\t\t\n\t\t\t\t\n\t\t\t\t\n\t\t\t\t\n\t\t\t\t\n\t\t\t\t\n\t\t\t\t\n\t\t\t\t\t\t\t\t\n\t\t\t\t\t\t\t\t\n\t\t\t\t\n\t\t\t\t\n\t\t\t\t\t\t\t\t\t<a rel=\"noopener noreferrer nofollow\" href=\"https:\/\/telegram.me\/share\/url?url=https:\/\/hackl-gastro.at\/aktuelles\/fruehstueck-family-friends\/\" target=\"_blank\" class=\" wd-social-icon social-tg\" aria-label=\"Telegram social link\">\n\t\t\t\t\t\t<span class=\"wd-icon\"><\/span>\n\t\t\t\t\t\t\t\t\t\t\t<\/a>\n\t\t\t\t\t\t\t\t\n\t\t\t\t\n\t\t\t<\/div>\n\n\t\t\t\t\t\t\t\t\t<\/div>\n\t\t\t\t\t\t<\/div>\n\t\t\t\t\t\t\t\t\t<\/div>\n\t\t\t<\/figure>\n\t\t\n\t\t<div class=\"portfolio-info\">\n\t\t\t\t\t\t\t<div class=\"wrap-meta\">\n\t\t\t\t\t<ul class=\"proj-cats-list\">\n\t\t\t\t\t\t\t\t\t\t\t\t\t\t\t\t\t\t\t\t<li>Family and Friends<\/li>\n\t\t\t\t\t\t\t\t\t\t\t<\/ul>\n\t\t\t\t<\/div>\n\t\t\t\n\t\t\t<div class=\"wrap-title\">\n\t\t\t\t<h3 class=\"wd-entities-title\">\n\t\t\t\t\t<a href=\"https:\/\/hackl-gastro.at\/aktuelles\/fruehstueck-family-friends\/\" rel=\"bookmark\">T\u00e4glich: Fr\u00fchst\u00fcck im Family and Friends<\/a>\n\t\t\t\t<\/h3>\n\t\t\t<\/div>\n\t\t<\/div>\n\t<\/header>\n<\/article>\n\t\t\t\t\t\t\t\t\n<article id=\"post-17736\" class=\"portfolio-entry  col-lg-4 col-md-4 col-sm-6 col-12 portfolio-single masonry-item proj-cat-gowien portfolio-text-shown post-17736 portfolio type-portfolio status-publish has-post-thumbnail hentry project-cat-gowien\">\n\t<header class=\"entry-header\">\n\t\t\t\t\t<figure class=\"entry-thumbnail color-scheme-light\">\n\t\t\t\t<a href=\"https:\/\/hackl-gastro.at\/aktuelles\/fruehstuecken-im-gowien\/\" class=\"portfolio-thumbnail\">\n\t\t\t\t\t<img width=\"1200\" height=\"800\" src=\"https:\/\/hackl-gastro.at\/wp-content\/uploads\/Fruehstuecken-im-GOWien-Restaurant-Hackl-Gastro-1200x800.jpg\" class=\"attachment-large size-large\" alt=\"Fr\u00fchst\u00fccken im GO!Wien Restaurant Hackl Gastro\" decoding=\"async\" srcset=\"https:\/\/hackl-gastro.at\/wp-content\/uploads\/Fruehstuecken-im-GOWien-Restaurant-Hackl-Gastro-1200x800.jpg 1200w, https:\/\/hackl-gastro.at\/wp-content\/uploads\/Fruehstuecken-im-GOWien-Restaurant-Hackl-Gastro-400x267.jpg 400w, https:\/\/hackl-gastro.at\/wp-content\/uploads\/Fruehstuecken-im-GOWien-Restaurant-Hackl-Gastro-768x512.jpg 768w, https:\/\/hackl-gastro.at\/wp-content\/uploads\/Fruehstuecken-im-GOWien-Restaurant-Hackl-Gastro-1536x1024.jpg 1536w, https:\/\/hackl-gastro.at\/wp-content\/uploads\/Fruehstuecken-im-GOWien-Restaurant-Hackl-Gastro-860x573.jpg 860w, https:\/\/hackl-gastro.at\/wp-content\/uploads\/Fruehstuecken-im-GOWien-Restaurant-Hackl-Gastro-430x287.jpg 430w, https:\/\/hackl-gastro.at\/wp-content\/uploads\/Fruehstuecken-im-GOWien-Restaurant-Hackl-Gastro-700x467.jpg 700w, https:\/\/hackl-gastro.at\/wp-content\/uploads\/Fruehstuecken-im-GOWien-Restaurant-Hackl-Gastro-150x100.jpg 150w, https:\/\/hackl-gastro.at\/wp-content\/uploads\/Fruehstuecken-im-GOWien-Restaurant-Hackl-Gastro.jpg 1920w\" sizes=\"(max-width: 1200px) 100vw, 1200px\" \/>\t\t\t\t<\/a>\n\t\t\t\t<div class=\"wd-portfolio-btns\">\n\t\t\t\t\t<div class=\"portfolio-enlarge wd-action-btn wd-style-icon wd-enlarge-icon wd-tltp wd-tltp-left\">\n\t\t\t\t\t\t<a href=\"https:\/\/hackl-gastro.at\/wp-content\/uploads\/Fruehstuecken-im-GOWien-Restaurant-Hackl-Gastro.jpg\" data-elementor-open-lightbox=\"no\">View Large<\/a>\n\t\t\t\t\t<\/div>\n\t\t\t\t\t\t\t\t\t\t\t<div class=\"social-icons-wrapper wd-action-btn wd-style-icon wd-share-icon wd-tltp wd-tltp-left\">\n\t\t\t\t\t\t\t<a><\/a>\n\t\t\t\t\t\t\t<div class=\"wd-tooltip-label\">\n\t\t\t\t\t\t\t\t\n\t\t\t<div class=\" wd-social-icons icons-design-default icons-size-small color-scheme-light social-share social-form-circle text-center\">\n\n\t\t\t\t\n\t\t\t\t\t\t\t\t\t<a rel=\"noopener noreferrer nofollow\" href=\"https:\/\/www.facebook.com\/sharer\/sharer.php?u=https:\/\/hackl-gastro.at\/aktuelles\/fruehstuecken-im-gowien\/\" target=\"_blank\" class=\" wd-social-icon social-facebook\" aria-label=\"Facebook social link\">\n\t\t\t\t\t\t<span class=\"wd-icon\"><\/span>\n\t\t\t\t\t\t\t\t\t\t\t<\/a>\n\t\t\t\t\n\t\t\t\t\t\t\t\t\t<a rel=\"noopener noreferrer nofollow\" href=\"https:\/\/twitter.com\/share?url=https:\/\/hackl-gastro.at\/aktuelles\/fruehstuecken-im-gowien\/\" target=\"_blank\" class=\" wd-social-icon social-twitter\" aria-label=\"Twitter social link\">\n\t\t\t\t\t\t<span class=\"wd-icon\"><\/span>\n\t\t\t\t\t\t\t\t\t\t\t<\/a>\n\t\t\t\t\n\t\t\t\t\n\t\t\t\t\n\t\t\t\t\n\t\t\t\t\t\t\t\t\t<a rel=\"noopener noreferrer nofollow\" href=\"https:\/\/pinterest.com\/pin\/create\/button\/?url=https:\/\/hackl-gastro.at\/aktuelles\/fruehstuecken-im-gowien\/&media=https:\/\/hackl-gastro.at\/wp-content\/uploads\/Fruehstuecken-im-GOWien-Restaurant-Hackl-Gastro.jpg&description=T%C3%A4glich%3A+Fr%C3%BChst%C3%BCcken+im+GO%21Wien\" target=\"_blank\" class=\" wd-social-icon social-pinterest\" aria-label=\"Pinterest social link\">\n\t\t\t\t\t\t<span class=\"wd-icon\"><\/span>\n\t\t\t\t\t\t\t\t\t\t\t<\/a>\n\t\t\t\t\n\t\t\t\t\n\t\t\t\t\t\t\t\t\t<a rel=\"noopener noreferrer nofollow\" href=\"https:\/\/www.linkedin.com\/shareArticle?mini=true&url=https:\/\/hackl-gastro.at\/aktuelles\/fruehstuecken-im-gowien\/\" target=\"_blank\" class=\" wd-social-icon social-linkedin\" aria-label=\"Linkedin social link\">\n\t\t\t\t\t\t<span class=\"wd-icon\"><\/span>\n\t\t\t\t\t\t\t\t\t\t\t<\/a>\n\t\t\t\t\n\t\t\t\t\n\t\t\t\t\n\t\t\t\t\n\t\t\t\t\n\t\t\t\t\n\t\t\t\t\n\t\t\t\t\n\t\t\t\t\n\t\t\t\t\n\t\t\t\t\t\t\t\t\n\t\t\t\t\t\t\t\t\n\t\t\t\t\n\t\t\t\t\n\t\t\t\t\t\t\t\t\t<a rel=\"noopener noreferrer nofollow\" href=\"https:\/\/telegram.me\/share\/url?url=https:\/\/hackl-gastro.at\/aktuelles\/fruehstuecken-im-gowien\/\" target=\"_blank\" class=\" wd-social-icon social-tg\" aria-label=\"Telegram social link\">\n\t\t\t\t\t\t<span class=\"wd-icon\"><\/span>\n\t\t\t\t\t\t\t\t\t\t\t<\/a>\n\t\t\t\t\t\t\t\t\n\t\t\t\t\n\t\t\t<\/div>\n\n\t\t\t\t\t\t\t\t\t<\/div>\n\t\t\t\t\t\t<\/div>\n\t\t\t\t\t\t\t\t\t<\/div>\n\t\t\t<\/figure>\n\t\t\n\t\t<div class=\"portfolio-info\">\n\t\t\t\t\t\t\t<div class=\"wrap-meta\">\n\t\t\t\t\t<ul class=\"proj-cats-list\">\n\t\t\t\t\t\t\t\t\t\t\t\t\t\t\t\t\t\t\t\t<li>Go!Wien<\/li>\n\t\t\t\t\t\t\t\t\t\t\t<\/ul>\n\t\t\t\t<\/div>\n\t\t\t\n\t\t\t<div class=\"wrap-title\">\n\t\t\t\t<h3 class=\"wd-entities-title\">\n\t\t\t\t\t<a href=\"https:\/\/hackl-gastro.at\/aktuelles\/fruehstuecken-im-gowien\/\" rel=\"bookmark\">T\u00e4glich: Fr\u00fchst\u00fccken im GO!Wien<\/a>\n\t\t\t\t<\/h3>\n\t\t\t<\/div>\n\t\t<\/div>\n\t<\/header>\n<\/article>\n\t\t\n\t\t\n\t\t\n\t\t\t\t\t","status":"no-more-posts","nextPage":"?woo_ajax=1","currentPage":"https:\/\/hackl-gastro.at\/aktuelles\/page\/9"}