{"items":"\t\t\t<link rel=\"stylesheet\" id=\"wd-photoswipe-css\" href=\"https:\/\/hackl-gastro.at\/wp-content\/themes\/woodmart\/css\/parts\/lib-photoswipe.min.css?ver=7.3.0\" type=\"text\/css\" media=\"all\" \/> \t\t\t\t\t\t<link rel=\"stylesheet\" id=\"wd-project-under-css\" href=\"https:\/\/hackl-gastro.at\/wp-content\/themes\/woodmart\/css\/parts\/project-under.min.css?ver=7.3.0\" type=\"text\/css\" media=\"all\" \/> \t\t\t\n\t\t\n\t\t\n\t\t\t\t\t\t\t\t\n<article id=\"post-17870\" class=\"portfolio-entry  col-lg-4 col-md-4 col-sm-6 col-12 portfolio-single masonry-item proj-cat-m-lounge portfolio-text-shown post-17870 portfolio type-portfolio status-publish has-post-thumbnail hentry project-cat-m-lounge\">\n\t<header class=\"entry-header\">\n\t\t\t\t\t<figure class=\"entry-thumbnail color-scheme-light\">\n\t\t\t\t<a href=\"https:\/\/hackl-gastro.at\/aktuelles\/big-dinner-table-m-lounge\/\" class=\"portfolio-thumbnail\">\n\t\t\t\t\t<img width=\"1200\" height=\"800\" src=\"https:\/\/hackl-gastro.at\/wp-content\/uploads\/Big_Dinner_Table_M_Lounge.jpg\" class=\"attachment-large size-large\" alt=\"Big Dinner Table M Lounge\" decoding=\"async\" srcset=\"https:\/\/hackl-gastro.at\/wp-content\/uploads\/Big_Dinner_Table_M_Lounge.jpg 1200w, https:\/\/hackl-gastro.at\/wp-content\/uploads\/Big_Dinner_Table_M_Lounge-400x267.jpg 400w, https:\/\/hackl-gastro.at\/wp-content\/uploads\/Big_Dinner_Table_M_Lounge-768x512.jpg 768w, https:\/\/hackl-gastro.at\/wp-content\/uploads\/Big_Dinner_Table_M_Lounge-860x573.jpg 860w, https:\/\/hackl-gastro.at\/wp-content\/uploads\/Big_Dinner_Table_M_Lounge-430x287.jpg 430w, https:\/\/hackl-gastro.at\/wp-content\/uploads\/Big_Dinner_Table_M_Lounge-700x467.jpg 700w, https:\/\/hackl-gastro.at\/wp-content\/uploads\/Big_Dinner_Table_M_Lounge-150x100.jpg 150w\" sizes=\"(max-width: 1200px) 100vw, 1200px\" \/>\t\t\t\t<\/a>\n\t\t\t\t<div class=\"wd-portfolio-btns\">\n\t\t\t\t\t<div class=\"portfolio-enlarge wd-action-btn wd-style-icon wd-enlarge-icon wd-tltp wd-tltp-left\">\n\t\t\t\t\t\t<a href=\"https:\/\/hackl-gastro.at\/wp-content\/uploads\/Big_Dinner_Table_M_Lounge.jpg\" data-elementor-open-lightbox=\"no\">View Large<\/a>\n\t\t\t\t\t<\/div>\n\t\t\t\t\t\t\t\t\t\t\t<div class=\"social-icons-wrapper wd-action-btn wd-style-icon wd-share-icon wd-tltp wd-tltp-left\">\n\t\t\t\t\t\t\t<a><\/a>\n\t\t\t\t\t\t\t<div class=\"wd-tooltip-label\">\n\t\t\t\t\t\t\t\t\t\t\t<link rel=\"stylesheet\" id=\"wd-social-icons-css\" href=\"https:\/\/hackl-gastro.at\/wp-content\/themes\/woodmart\/css\/parts\/el-social-icons.min.css?ver=7.3.0\" type=\"text\/css\" media=\"all\" \/> \t\t\t\n\t\t\t<div class=\" wd-social-icons icons-design-default icons-size-small color-scheme-light social-share social-form-circle text-center\">\n\n\t\t\t\t\n\t\t\t\t\t\t\t\t\t<a rel=\"noopener noreferrer nofollow\" href=\"https:\/\/www.facebook.com\/sharer\/sharer.php?u=https:\/\/hackl-gastro.at\/aktuelles\/big-dinner-table-m-lounge\/\" target=\"_blank\" class=\" wd-social-icon social-facebook\" aria-label=\"Facebook social link\">\n\t\t\t\t\t\t<span class=\"wd-icon\"><\/span>\n\t\t\t\t\t\t\t\t\t\t\t<\/a>\n\t\t\t\t\n\t\t\t\t\t\t\t\t\t<a rel=\"noopener noreferrer nofollow\" href=\"https:\/\/twitter.com\/share?url=https:\/\/hackl-gastro.at\/aktuelles\/big-dinner-table-m-lounge\/\" target=\"_blank\" class=\" wd-social-icon social-twitter\" aria-label=\"Twitter social link\">\n\t\t\t\t\t\t<span class=\"wd-icon\"><\/span>\n\t\t\t\t\t\t\t\t\t\t\t<\/a>\n\t\t\t\t\n\t\t\t\t\n\t\t\t\t\n\t\t\t\t\n\t\t\t\t\t\t\t\t\t<a rel=\"noopener noreferrer nofollow\" href=\"https:\/\/pinterest.com\/pin\/create\/button\/?url=https:\/\/hackl-gastro.at\/aktuelles\/big-dinner-table-m-lounge\/&media=https:\/\/hackl-gastro.at\/wp-content\/uploads\/Big_Dinner_Table_M_Lounge.jpg&description=Big+Dinner+Table+in+der+M+Lounge\" target=\"_blank\" class=\" wd-social-icon social-pinterest\" aria-label=\"Pinterest social link\">\n\t\t\t\t\t\t<span class=\"wd-icon\"><\/span>\n\t\t\t\t\t\t\t\t\t\t\t<\/a>\n\t\t\t\t\n\t\t\t\t\n\t\t\t\t\t\t\t\t\t<a rel=\"noopener noreferrer nofollow\" href=\"https:\/\/www.linkedin.com\/shareArticle?mini=true&url=https:\/\/hackl-gastro.at\/aktuelles\/big-dinner-table-m-lounge\/\" target=\"_blank\" class=\" wd-social-icon social-linkedin\" aria-label=\"Linkedin social link\">\n\t\t\t\t\t\t<span class=\"wd-icon\"><\/span>\n\t\t\t\t\t\t\t\t\t\t\t<\/a>\n\t\t\t\t\n\t\t\t\t\n\t\t\t\t\n\t\t\t\t\n\t\t\t\t\n\t\t\t\t\n\t\t\t\t\n\t\t\t\t\n\t\t\t\t\n\t\t\t\t\n\t\t\t\t\t\t\t\t\n\t\t\t\t\t\t\t\t\n\t\t\t\t\n\t\t\t\t\n\t\t\t\t\t\t\t\t\t<a rel=\"noopener noreferrer nofollow\" href=\"https:\/\/telegram.me\/share\/url?url=https:\/\/hackl-gastro.at\/aktuelles\/big-dinner-table-m-lounge\/\" target=\"_blank\" class=\" wd-social-icon social-tg\" aria-label=\"Telegram social link\">\n\t\t\t\t\t\t<span class=\"wd-icon\"><\/span>\n\t\t\t\t\t\t\t\t\t\t\t<\/a>\n\t\t\t\t\t\t\t\t\n\t\t\t\t\n\t\t\t<\/div>\n\n\t\t\t\t\t\t\t\t\t<\/div>\n\t\t\t\t\t\t<\/div>\n\t\t\t\t\t\t\t\t\t<\/div>\n\t\t\t<\/figure>\n\t\t\n\t\t<div class=\"portfolio-info\">\n\t\t\t\t\t\t\t<div class=\"wrap-meta\">\n\t\t\t\t\t<ul class=\"proj-cats-list\">\n\t\t\t\t\t\t\t\t\t\t\t\t\t\t\t\t\t\t\t\t<li>M Lounge<\/li>\n\t\t\t\t\t\t\t\t\t\t\t<\/ul>\n\t\t\t\t<\/div>\n\t\t\t\n\t\t\t<div class=\"wrap-title\">\n\t\t\t\t<h3 class=\"wd-entities-title\">\n\t\t\t\t\t<a href=\"https:\/\/hackl-gastro.at\/aktuelles\/big-dinner-table-m-lounge\/\" rel=\"bookmark\">Big Dinner Table in der M Lounge<\/a>\n\t\t\t\t<\/h3>\n\t\t\t<\/div>\n\t\t<\/div>\n\t<\/header>\n<\/article>\n\t\t\t\t\t\t\t\t\n<article id=\"post-17849\" class=\"portfolio-entry  col-lg-4 col-md-4 col-sm-6 col-12 portfolio-single masonry-item proj-cat-vienna-1st portfolio-text-shown post-17849 portfolio type-portfolio status-publish has-post-thumbnail hentry project-cat-vienna-1st\">\n\t<header class=\"entry-header\">\n\t\t\t\t\t<figure class=\"entry-thumbnail color-scheme-light\">\n\t\t\t\t<a href=\"https:\/\/hackl-gastro.at\/aktuelles\/vienna-calling-menue\/\" class=\"portfolio-thumbnail\">\n\t\t\t\t\t<img width=\"1200\" height=\"800\" src=\"https:\/\/hackl-gastro.at\/wp-content\/uploads\/Vienna_Calling_Menue_Vienna_1st.jpg\" class=\"attachment-large size-large\" alt=\"Vienna Calling Men\u00fc Vienna 1st\" decoding=\"async\" srcset=\"https:\/\/hackl-gastro.at\/wp-content\/uploads\/Vienna_Calling_Menue_Vienna_1st.jpg 1200w, https:\/\/hackl-gastro.at\/wp-content\/uploads\/Vienna_Calling_Menue_Vienna_1st-400x267.jpg 400w, https:\/\/hackl-gastro.at\/wp-content\/uploads\/Vienna_Calling_Menue_Vienna_1st-768x512.jpg 768w, https:\/\/hackl-gastro.at\/wp-content\/uploads\/Vienna_Calling_Menue_Vienna_1st-860x573.jpg 860w, https:\/\/hackl-gastro.at\/wp-content\/uploads\/Vienna_Calling_Menue_Vienna_1st-430x287.jpg 430w, https:\/\/hackl-gastro.at\/wp-content\/uploads\/Vienna_Calling_Menue_Vienna_1st-700x467.jpg 700w, https:\/\/hackl-gastro.at\/wp-content\/uploads\/Vienna_Calling_Menue_Vienna_1st-150x100.jpg 150w\" sizes=\"(max-width: 1200px) 100vw, 1200px\" \/>\t\t\t\t<\/a>\n\t\t\t\t<div class=\"wd-portfolio-btns\">\n\t\t\t\t\t<div class=\"portfolio-enlarge wd-action-btn wd-style-icon wd-enlarge-icon wd-tltp wd-tltp-left\">\n\t\t\t\t\t\t<a href=\"https:\/\/hackl-gastro.at\/wp-content\/uploads\/Vienna_Calling_Menue_Vienna_1st.jpg\" data-elementor-open-lightbox=\"no\">View Large<\/a>\n\t\t\t\t\t<\/div>\n\t\t\t\t\t\t\t\t\t\t\t<div class=\"social-icons-wrapper wd-action-btn wd-style-icon wd-share-icon wd-tltp wd-tltp-left\">\n\t\t\t\t\t\t\t<a><\/a>\n\t\t\t\t\t\t\t<div class=\"wd-tooltip-label\">\n\t\t\t\t\t\t\t\t\n\t\t\t<div class=\" wd-social-icons icons-design-default icons-size-small color-scheme-light social-share social-form-circle text-center\">\n\n\t\t\t\t\n\t\t\t\t\t\t\t\t\t<a rel=\"noopener noreferrer nofollow\" href=\"https:\/\/www.facebook.com\/sharer\/sharer.php?u=https:\/\/hackl-gastro.at\/aktuelles\/vienna-calling-menue\/\" target=\"_blank\" class=\" wd-social-icon social-facebook\" aria-label=\"Facebook social link\">\n\t\t\t\t\t\t<span class=\"wd-icon\"><\/span>\n\t\t\t\t\t\t\t\t\t\t\t<\/a>\n\t\t\t\t\n\t\t\t\t\t\t\t\t\t<a rel=\"noopener noreferrer nofollow\" href=\"https:\/\/twitter.com\/share?url=https:\/\/hackl-gastro.at\/aktuelles\/vienna-calling-menue\/\" target=\"_blank\" class=\" wd-social-icon social-twitter\" aria-label=\"Twitter social link\">\n\t\t\t\t\t\t<span class=\"wd-icon\"><\/span>\n\t\t\t\t\t\t\t\t\t\t\t<\/a>\n\t\t\t\t\n\t\t\t\t\n\t\t\t\t\n\t\t\t\t\n\t\t\t\t\t\t\t\t\t<a rel=\"noopener noreferrer nofollow\" href=\"https:\/\/pinterest.com\/pin\/create\/button\/?url=https:\/\/hackl-gastro.at\/aktuelles\/vienna-calling-menue\/&media=https:\/\/hackl-gastro.at\/wp-content\/uploads\/Vienna_Calling_Menue_Vienna_1st.jpg&description=Jeden+Mittwoch%3A+Vienna+Calling+Men%C3%BC+-30%25\" target=\"_blank\" class=\" wd-social-icon social-pinterest\" aria-label=\"Pinterest social link\">\n\t\t\t\t\t\t<span class=\"wd-icon\"><\/span>\n\t\t\t\t\t\t\t\t\t\t\t<\/a>\n\t\t\t\t\n\t\t\t\t\n\t\t\t\t\t\t\t\t\t<a rel=\"noopener noreferrer nofollow\" href=\"https:\/\/www.linkedin.com\/shareArticle?mini=true&url=https:\/\/hackl-gastro.at\/aktuelles\/vienna-calling-menue\/\" target=\"_blank\" class=\" wd-social-icon social-linkedin\" aria-label=\"Linkedin social link\">\n\t\t\t\t\t\t<span class=\"wd-icon\"><\/span>\n\t\t\t\t\t\t\t\t\t\t\t<\/a>\n\t\t\t\t\n\t\t\t\t\n\t\t\t\t\n\t\t\t\t\n\t\t\t\t\n\t\t\t\t\n\t\t\t\t\n\t\t\t\t\n\t\t\t\t\n\t\t\t\t\n\t\t\t\t\t\t\t\t\n\t\t\t\t\t\t\t\t\n\t\t\t\t\n\t\t\t\t\n\t\t\t\t\t\t\t\t\t<a rel=\"noopener noreferrer nofollow\" href=\"https:\/\/telegram.me\/share\/url?url=https:\/\/hackl-gastro.at\/aktuelles\/vienna-calling-menue\/\" target=\"_blank\" class=\" wd-social-icon social-tg\" aria-label=\"Telegram social link\">\n\t\t\t\t\t\t<span class=\"wd-icon\"><\/span>\n\t\t\t\t\t\t\t\t\t\t\t<\/a>\n\t\t\t\t\t\t\t\t\n\t\t\t\t\n\t\t\t<\/div>\n\n\t\t\t\t\t\t\t\t\t<\/div>\n\t\t\t\t\t\t<\/div>\n\t\t\t\t\t\t\t\t\t<\/div>\n\t\t\t<\/figure>\n\t\t\n\t\t<div class=\"portfolio-info\">\n\t\t\t\t\t\t\t<div class=\"wrap-meta\">\n\t\t\t\t\t<ul class=\"proj-cats-list\">\n\t\t\t\t\t\t\t\t\t\t\t\t\t\t\t\t\t\t\t\t<li>Vienna 1st<\/li>\n\t\t\t\t\t\t\t\t\t\t\t<\/ul>\n\t\t\t\t<\/div>\n\t\t\t\n\t\t\t<div class=\"wrap-title\">\n\t\t\t\t<h3 class=\"wd-entities-title\">\n\t\t\t\t\t<a href=\"https:\/\/hackl-gastro.at\/aktuelles\/vienna-calling-menue\/\" rel=\"bookmark\">Jeden Mittwoch: Vienna Calling Men\u00fc -30%<\/a>\n\t\t\t\t<\/h3>\n\t\t\t<\/div>\n\t\t<\/div>\n\t<\/header>\n<\/article>\n\t\t\t\t\t\t\t\t\n<article id=\"post-17620\" class=\"portfolio-entry  col-lg-4 col-md-4 col-sm-6 col-12 portfolio-single masonry-item proj-cat-westside portfolio-text-shown post-17620 portfolio type-portfolio status-publish has-post-thumbnail hentry project-cat-westside\">\n\t<header class=\"entry-header\">\n\t\t\t\t\t<figure class=\"entry-thumbnail color-scheme-light\">\n\t\t\t\t<a href=\"https:\/\/hackl-gastro.at\/aktuelles\/westside-brunch\/\" class=\"portfolio-thumbnail\">\n\t\t\t\t\t<img width=\"1200\" height=\"800\" src=\"https:\/\/hackl-gastro.at\/wp-content\/uploads\/Vienna-1st-First-Hackl-Gastro-1010-Wien.jpg\" class=\"attachment-large size-large\" alt=\"Vienna 1st First Hackl Gastro 1010 Wien\" decoding=\"async\" srcset=\"https:\/\/hackl-gastro.at\/wp-content\/uploads\/Vienna-1st-First-Hackl-Gastro-1010-Wien.jpg 1200w, https:\/\/hackl-gastro.at\/wp-content\/uploads\/Vienna-1st-First-Hackl-Gastro-1010-Wien-430x287.jpg 430w, https:\/\/hackl-gastro.at\/wp-content\/uploads\/Vienna-1st-First-Hackl-Gastro-1010-Wien-150x100.jpg 150w, https:\/\/hackl-gastro.at\/wp-content\/uploads\/Vienna-1st-First-Hackl-Gastro-1010-Wien-700x467.jpg 700w, https:\/\/hackl-gastro.at\/wp-content\/uploads\/Vienna-1st-First-Hackl-Gastro-1010-Wien-400x267.jpg 400w, https:\/\/hackl-gastro.at\/wp-content\/uploads\/Vienna-1st-First-Hackl-Gastro-1010-Wien-768x512.jpg 768w, https:\/\/hackl-gastro.at\/wp-content\/uploads\/Vienna-1st-First-Hackl-Gastro-1010-Wien-860x573.jpg 860w\" sizes=\"(max-width: 1200px) 100vw, 1200px\" \/>\t\t\t\t<\/a>\n\t\t\t\t<div class=\"wd-portfolio-btns\">\n\t\t\t\t\t<div class=\"portfolio-enlarge wd-action-btn wd-style-icon wd-enlarge-icon wd-tltp wd-tltp-left\">\n\t\t\t\t\t\t<a href=\"https:\/\/hackl-gastro.at\/wp-content\/uploads\/Vienna-1st-First-Hackl-Gastro-1010-Wien.jpg\" data-elementor-open-lightbox=\"no\">View Large<\/a>\n\t\t\t\t\t<\/div>\n\t\t\t\t\t\t\t\t\t\t\t<div class=\"social-icons-wrapper wd-action-btn wd-style-icon wd-share-icon wd-tltp wd-tltp-left\">\n\t\t\t\t\t\t\t<a><\/a>\n\t\t\t\t\t\t\t<div class=\"wd-tooltip-label\">\n\t\t\t\t\t\t\t\t\n\t\t\t<div class=\" wd-social-icons icons-design-default icons-size-small color-scheme-light social-share social-form-circle text-center\">\n\n\t\t\t\t\n\t\t\t\t\t\t\t\t\t<a rel=\"noopener noreferrer nofollow\" href=\"https:\/\/www.facebook.com\/sharer\/sharer.php?u=https:\/\/hackl-gastro.at\/aktuelles\/westside-brunch\/\" target=\"_blank\" class=\" wd-social-icon social-facebook\" aria-label=\"Facebook social link\">\n\t\t\t\t\t\t<span class=\"wd-icon\"><\/span>\n\t\t\t\t\t\t\t\t\t\t\t<\/a>\n\t\t\t\t\n\t\t\t\t\t\t\t\t\t<a rel=\"noopener noreferrer nofollow\" href=\"https:\/\/twitter.com\/share?url=https:\/\/hackl-gastro.at\/aktuelles\/westside-brunch\/\" target=\"_blank\" class=\" wd-social-icon social-twitter\" aria-label=\"Twitter social link\">\n\t\t\t\t\t\t<span class=\"wd-icon\"><\/span>\n\t\t\t\t\t\t\t\t\t\t\t<\/a>\n\t\t\t\t\n\t\t\t\t\n\t\t\t\t\n\t\t\t\t\n\t\t\t\t\t\t\t\t\t<a rel=\"noopener noreferrer nofollow\" href=\"https:\/\/pinterest.com\/pin\/create\/button\/?url=https:\/\/hackl-gastro.at\/aktuelles\/westside-brunch\/&media=https:\/\/hackl-gastro.at\/wp-content\/uploads\/Vienna-1st-First-Hackl-Gastro-1010-Wien.jpg&description=Jeden+Sonntag%3A+Westside+Brunch+mit+Prosecco+als+Apero\" target=\"_blank\" class=\" wd-social-icon social-pinterest\" aria-label=\"Pinterest social link\">\n\t\t\t\t\t\t<span class=\"wd-icon\"><\/span>\n\t\t\t\t\t\t\t\t\t\t\t<\/a>\n\t\t\t\t\n\t\t\t\t\n\t\t\t\t\t\t\t\t\t<a rel=\"noopener noreferrer nofollow\" href=\"https:\/\/www.linkedin.com\/shareArticle?mini=true&url=https:\/\/hackl-gastro.at\/aktuelles\/westside-brunch\/\" target=\"_blank\" class=\" wd-social-icon social-linkedin\" aria-label=\"Linkedin social link\">\n\t\t\t\t\t\t<span class=\"wd-icon\"><\/span>\n\t\t\t\t\t\t\t\t\t\t\t<\/a>\n\t\t\t\t\n\t\t\t\t\n\t\t\t\t\n\t\t\t\t\n\t\t\t\t\n\t\t\t\t\n\t\t\t\t\n\t\t\t\t\n\t\t\t\t\n\t\t\t\t\n\t\t\t\t\t\t\t\t\n\t\t\t\t\t\t\t\t\n\t\t\t\t\n\t\t\t\t\n\t\t\t\t\t\t\t\t\t<a rel=\"noopener noreferrer nofollow\" href=\"https:\/\/telegram.me\/share\/url?url=https:\/\/hackl-gastro.at\/aktuelles\/westside-brunch\/\" target=\"_blank\" class=\" wd-social-icon social-tg\" aria-label=\"Telegram social link\">\n\t\t\t\t\t\t<span class=\"wd-icon\"><\/span>\n\t\t\t\t\t\t\t\t\t\t\t<\/a>\n\t\t\t\t\t\t\t\t\n\t\t\t\t\n\t\t\t<\/div>\n\n\t\t\t\t\t\t\t\t\t<\/div>\n\t\t\t\t\t\t<\/div>\n\t\t\t\t\t\t\t\t\t<\/div>\n\t\t\t<\/figure>\n\t\t\n\t\t<div class=\"portfolio-info\">\n\t\t\t\t\t\t\t<div class=\"wrap-meta\">\n\t\t\t\t\t<ul class=\"proj-cats-list\">\n\t\t\t\t\t\t\t\t\t\t\t\t\t\t\t\t\t\t\t\t<li>Westside<\/li>\n\t\t\t\t\t\t\t\t\t\t\t<\/ul>\n\t\t\t\t<\/div>\n\t\t\t\n\t\t\t<div class=\"wrap-title\">\n\t\t\t\t<h3 class=\"wd-entities-title\">\n\t\t\t\t\t<a href=\"https:\/\/hackl-gastro.at\/aktuelles\/westside-brunch\/\" rel=\"bookmark\">Jeden Sonntag: Westside Brunch mit Prosecco als Apero<\/a>\n\t\t\t\t<\/h3>\n\t\t\t<\/div>\n\t\t<\/div>\n\t<\/header>\n<\/article>\n\t\t\t\t\t\t\t\t\n<article id=\"post-17618\" class=\"portfolio-entry  col-lg-4 col-md-4 col-sm-6 col-12 portfolio-single masonry-item proj-cat-m-lounge portfolio-text-shown post-17618 portfolio type-portfolio status-publish has-post-thumbnail hentry project-cat-m-lounge\">\n\t<header class=\"entry-header\">\n\t\t\t\t\t<figure class=\"entry-thumbnail color-scheme-light\">\n\t\t\t\t<a href=\"https:\/\/hackl-gastro.at\/aktuelles\/streetfood-fuer-zwei\/\" class=\"portfolio-thumbnail\">\n\t\t\t\t\t<img width=\"1200\" height=\"800\" src=\"https:\/\/hackl-gastro.at\/wp-content\/uploads\/Street_Food_fuer_Zwei_M_Lounge.jpg\" class=\"attachment-large size-large\" alt=\"Street Food f\u00fcr Zwei M Lounge\" decoding=\"async\" srcset=\"https:\/\/hackl-gastro.at\/wp-content\/uploads\/Street_Food_fuer_Zwei_M_Lounge.jpg 1200w, https:\/\/hackl-gastro.at\/wp-content\/uploads\/Street_Food_fuer_Zwei_M_Lounge-400x267.jpg 400w, https:\/\/hackl-gastro.at\/wp-content\/uploads\/Street_Food_fuer_Zwei_M_Lounge-768x512.jpg 768w, https:\/\/hackl-gastro.at\/wp-content\/uploads\/Street_Food_fuer_Zwei_M_Lounge-860x573.jpg 860w, https:\/\/hackl-gastro.at\/wp-content\/uploads\/Street_Food_fuer_Zwei_M_Lounge-430x287.jpg 430w, https:\/\/hackl-gastro.at\/wp-content\/uploads\/Street_Food_fuer_Zwei_M_Lounge-700x467.jpg 700w, https:\/\/hackl-gastro.at\/wp-content\/uploads\/Street_Food_fuer_Zwei_M_Lounge-150x100.jpg 150w\" sizes=\"(max-width: 1200px) 100vw, 1200px\" \/>\t\t\t\t<\/a>\n\t\t\t\t<div class=\"wd-portfolio-btns\">\n\t\t\t\t\t<div class=\"portfolio-enlarge wd-action-btn wd-style-icon wd-enlarge-icon wd-tltp wd-tltp-left\">\n\t\t\t\t\t\t<a href=\"https:\/\/hackl-gastro.at\/wp-content\/uploads\/Street_Food_fuer_Zwei_M_Lounge.jpg\" data-elementor-open-lightbox=\"no\">View Large<\/a>\n\t\t\t\t\t<\/div>\n\t\t\t\t\t\t\t\t\t\t\t<div class=\"social-icons-wrapper wd-action-btn wd-style-icon wd-share-icon wd-tltp wd-tltp-left\">\n\t\t\t\t\t\t\t<a><\/a>\n\t\t\t\t\t\t\t<div class=\"wd-tooltip-label\">\n\t\t\t\t\t\t\t\t\n\t\t\t<div class=\" wd-social-icons icons-design-default icons-size-small color-scheme-light social-share social-form-circle text-center\">\n\n\t\t\t\t\n\t\t\t\t\t\t\t\t\t<a rel=\"noopener noreferrer nofollow\" href=\"https:\/\/www.facebook.com\/sharer\/sharer.php?u=https:\/\/hackl-gastro.at\/aktuelles\/streetfood-fuer-zwei\/\" target=\"_blank\" class=\" wd-social-icon social-facebook\" aria-label=\"Facebook social link\">\n\t\t\t\t\t\t<span class=\"wd-icon\"><\/span>\n\t\t\t\t\t\t\t\t\t\t\t<\/a>\n\t\t\t\t\n\t\t\t\t\t\t\t\t\t<a rel=\"noopener noreferrer nofollow\" href=\"https:\/\/twitter.com\/share?url=https:\/\/hackl-gastro.at\/aktuelles\/streetfood-fuer-zwei\/\" target=\"_blank\" class=\" wd-social-icon social-twitter\" aria-label=\"Twitter social link\">\n\t\t\t\t\t\t<span class=\"wd-icon\"><\/span>\n\t\t\t\t\t\t\t\t\t\t\t<\/a>\n\t\t\t\t\n\t\t\t\t\n\t\t\t\t\n\t\t\t\t\n\t\t\t\t\t\t\t\t\t<a rel=\"noopener noreferrer nofollow\" href=\"https:\/\/pinterest.com\/pin\/create\/button\/?url=https:\/\/hackl-gastro.at\/aktuelles\/streetfood-fuer-zwei\/&media=https:\/\/hackl-gastro.at\/wp-content\/uploads\/Street_Food_fuer_Zwei_M_Lounge.jpg&description=Jeden+Donnerstag%3A+Streetfood+f%C3%BCr+Zwei\" target=\"_blank\" class=\" wd-social-icon social-pinterest\" aria-label=\"Pinterest social link\">\n\t\t\t\t\t\t<span class=\"wd-icon\"><\/span>\n\t\t\t\t\t\t\t\t\t\t\t<\/a>\n\t\t\t\t\n\t\t\t\t\n\t\t\t\t\t\t\t\t\t<a rel=\"noopener noreferrer nofollow\" href=\"https:\/\/www.linkedin.com\/shareArticle?mini=true&url=https:\/\/hackl-gastro.at\/aktuelles\/streetfood-fuer-zwei\/\" target=\"_blank\" class=\" wd-social-icon social-linkedin\" aria-label=\"Linkedin social link\">\n\t\t\t\t\t\t<span class=\"wd-icon\"><\/span>\n\t\t\t\t\t\t\t\t\t\t\t<\/a>\n\t\t\t\t\n\t\t\t\t\n\t\t\t\t\n\t\t\t\t\n\t\t\t\t\n\t\t\t\t\n\t\t\t\t\n\t\t\t\t\n\t\t\t\t\n\t\t\t\t\n\t\t\t\t\t\t\t\t\n\t\t\t\t\t\t\t\t\n\t\t\t\t\n\t\t\t\t\n\t\t\t\t\t\t\t\t\t<a rel=\"noopener noreferrer nofollow\" href=\"https:\/\/telegram.me\/share\/url?url=https:\/\/hackl-gastro.at\/aktuelles\/streetfood-fuer-zwei\/\" target=\"_blank\" class=\" wd-social-icon social-tg\" aria-label=\"Telegram social link\">\n\t\t\t\t\t\t<span class=\"wd-icon\"><\/span>\n\t\t\t\t\t\t\t\t\t\t\t<\/a>\n\t\t\t\t\t\t\t\t\n\t\t\t\t\n\t\t\t<\/div>\n\n\t\t\t\t\t\t\t\t\t<\/div>\n\t\t\t\t\t\t<\/div>\n\t\t\t\t\t\t\t\t\t<\/div>\n\t\t\t<\/figure>\n\t\t\n\t\t<div class=\"portfolio-info\">\n\t\t\t\t\t\t\t<div class=\"wrap-meta\">\n\t\t\t\t\t<ul class=\"proj-cats-list\">\n\t\t\t\t\t\t\t\t\t\t\t\t\t\t\t\t\t\t\t\t<li>M Lounge<\/li>\n\t\t\t\t\t\t\t\t\t\t\t<\/ul>\n\t\t\t\t<\/div>\n\t\t\t\n\t\t\t<div class=\"wrap-title\">\n\t\t\t\t<h3 class=\"wd-entities-title\">\n\t\t\t\t\t<a href=\"https:\/\/hackl-gastro.at\/aktuelles\/streetfood-fuer-zwei\/\" rel=\"bookmark\">Jeden Donnerstag: Streetfood f\u00fcr Zwei<\/a>\n\t\t\t\t<\/h3>\n\t\t\t<\/div>\n\t\t<\/div>\n\t<\/header>\n<\/article>\n\t\t\t\t\t\t\t\t\n<article id=\"post-17834\" class=\"portfolio-entry  col-lg-4 col-md-4 col-sm-6 col-12 portfolio-single masonry-item proj-cat-vienna-1st portfolio-text-shown post-17834 portfolio type-portfolio status-publish has-post-thumbnail hentry project-cat-vienna-1st\">\n\t<header class=\"entry-header\">\n\t\t\t\t\t<figure class=\"entry-thumbnail color-scheme-light\">\n\t\t\t\t<a href=\"https:\/\/hackl-gastro.at\/aktuelles\/fruehstueck-im-vienna-1st\/\" class=\"portfolio-thumbnail\">\n\t\t\t\t\t<img width=\"1200\" height=\"800\" src=\"https:\/\/hackl-gastro.at\/wp-content\/uploads\/Fruehstuecken-im-Vienna1st-Hackl-Gastro.jpg\" class=\"attachment-large size-large\" alt=\"Fr\u00fchst\u00fccken im Vienna1st Hackl Gastro\" decoding=\"async\" srcset=\"https:\/\/hackl-gastro.at\/wp-content\/uploads\/Fruehstuecken-im-Vienna1st-Hackl-Gastro.jpg 1200w, https:\/\/hackl-gastro.at\/wp-content\/uploads\/Fruehstuecken-im-Vienna1st-Hackl-Gastro-400x267.jpg 400w, https:\/\/hackl-gastro.at\/wp-content\/uploads\/Fruehstuecken-im-Vienna1st-Hackl-Gastro-768x512.jpg 768w, https:\/\/hackl-gastro.at\/wp-content\/uploads\/Fruehstuecken-im-Vienna1st-Hackl-Gastro-860x573.jpg 860w, https:\/\/hackl-gastro.at\/wp-content\/uploads\/Fruehstuecken-im-Vienna1st-Hackl-Gastro-430x287.jpg 430w, https:\/\/hackl-gastro.at\/wp-content\/uploads\/Fruehstuecken-im-Vienna1st-Hackl-Gastro-700x467.jpg 700w, https:\/\/hackl-gastro.at\/wp-content\/uploads\/Fruehstuecken-im-Vienna1st-Hackl-Gastro-150x100.jpg 150w\" sizes=\"(max-width: 1200px) 100vw, 1200px\" \/>\t\t\t\t<\/a>\n\t\t\t\t<div class=\"wd-portfolio-btns\">\n\t\t\t\t\t<div class=\"portfolio-enlarge wd-action-btn wd-style-icon wd-enlarge-icon wd-tltp wd-tltp-left\">\n\t\t\t\t\t\t<a href=\"https:\/\/hackl-gastro.at\/wp-content\/uploads\/Fruehstuecken-im-Vienna1st-Hackl-Gastro.jpg\" data-elementor-open-lightbox=\"no\">View Large<\/a>\n\t\t\t\t\t<\/div>\n\t\t\t\t\t\t\t\t\t\t\t<div class=\"social-icons-wrapper wd-action-btn wd-style-icon wd-share-icon wd-tltp wd-tltp-left\">\n\t\t\t\t\t\t\t<a><\/a>\n\t\t\t\t\t\t\t<div class=\"wd-tooltip-label\">\n\t\t\t\t\t\t\t\t\n\t\t\t<div class=\" wd-social-icons icons-design-default icons-size-small color-scheme-light social-share social-form-circle text-center\">\n\n\t\t\t\t\n\t\t\t\t\t\t\t\t\t<a rel=\"noopener noreferrer nofollow\" href=\"https:\/\/www.facebook.com\/sharer\/sharer.php?u=https:\/\/hackl-gastro.at\/aktuelles\/fruehstueck-im-vienna-1st\/\" target=\"_blank\" class=\" wd-social-icon social-facebook\" aria-label=\"Facebook social link\">\n\t\t\t\t\t\t<span class=\"wd-icon\"><\/span>\n\t\t\t\t\t\t\t\t\t\t\t<\/a>\n\t\t\t\t\n\t\t\t\t\t\t\t\t\t<a rel=\"noopener noreferrer nofollow\" href=\"https:\/\/twitter.com\/share?url=https:\/\/hackl-gastro.at\/aktuelles\/fruehstueck-im-vienna-1st\/\" target=\"_blank\" class=\" wd-social-icon social-twitter\" aria-label=\"Twitter social link\">\n\t\t\t\t\t\t<span class=\"wd-icon\"><\/span>\n\t\t\t\t\t\t\t\t\t\t\t<\/a>\n\t\t\t\t\n\t\t\t\t\n\t\t\t\t\n\t\t\t\t\n\t\t\t\t\t\t\t\t\t<a rel=\"noopener noreferrer nofollow\" href=\"https:\/\/pinterest.com\/pin\/create\/button\/?url=https:\/\/hackl-gastro.at\/aktuelles\/fruehstueck-im-vienna-1st\/&media=https:\/\/hackl-gastro.at\/wp-content\/uploads\/Fruehstuecken-im-Vienna1st-Hackl-Gastro.jpg&description=T%C3%A4glich%3A+Wunderbares+Fr%C3%BChst%C3%BCck+im+Vienna+1st\" target=\"_blank\" class=\" wd-social-icon social-pinterest\" aria-label=\"Pinterest social link\">\n\t\t\t\t\t\t<span class=\"wd-icon\"><\/span>\n\t\t\t\t\t\t\t\t\t\t\t<\/a>\n\t\t\t\t\n\t\t\t\t\n\t\t\t\t\t\t\t\t\t<a rel=\"noopener noreferrer nofollow\" href=\"https:\/\/www.linkedin.com\/shareArticle?mini=true&url=https:\/\/hackl-gastro.at\/aktuelles\/fruehstueck-im-vienna-1st\/\" target=\"_blank\" class=\" wd-social-icon social-linkedin\" aria-label=\"Linkedin social link\">\n\t\t\t\t\t\t<span class=\"wd-icon\"><\/span>\n\t\t\t\t\t\t\t\t\t\t\t<\/a>\n\t\t\t\t\n\t\t\t\t\n\t\t\t\t\n\t\t\t\t\n\t\t\t\t\n\t\t\t\t\n\t\t\t\t\n\t\t\t\t\n\t\t\t\t\n\t\t\t\t\n\t\t\t\t\t\t\t\t\n\t\t\t\t\t\t\t\t\n\t\t\t\t\n\t\t\t\t\n\t\t\t\t\t\t\t\t\t<a rel=\"noopener noreferrer nofollow\" href=\"https:\/\/telegram.me\/share\/url?url=https:\/\/hackl-gastro.at\/aktuelles\/fruehstueck-im-vienna-1st\/\" target=\"_blank\" class=\" wd-social-icon social-tg\" aria-label=\"Telegram social link\">\n\t\t\t\t\t\t<span class=\"wd-icon\"><\/span>\n\t\t\t\t\t\t\t\t\t\t\t<\/a>\n\t\t\t\t\t\t\t\t\n\t\t\t\t\n\t\t\t<\/div>\n\n\t\t\t\t\t\t\t\t\t<\/div>\n\t\t\t\t\t\t<\/div>\n\t\t\t\t\t\t\t\t\t<\/div>\n\t\t\t<\/figure>\n\t\t\n\t\t<div class=\"portfolio-info\">\n\t\t\t\t\t\t\t<div class=\"wrap-meta\">\n\t\t\t\t\t<ul class=\"proj-cats-list\">\n\t\t\t\t\t\t\t\t\t\t\t\t\t\t\t\t\t\t\t\t<li>Vienna 1st<\/li>\n\t\t\t\t\t\t\t\t\t\t\t<\/ul>\n\t\t\t\t<\/div>\n\t\t\t\n\t\t\t<div class=\"wrap-title\">\n\t\t\t\t<h3 class=\"wd-entities-title\">\n\t\t\t\t\t<a href=\"https:\/\/hackl-gastro.at\/aktuelles\/fruehstueck-im-vienna-1st\/\" rel=\"bookmark\">T\u00e4glich: Wunderbares Fr\u00fchst\u00fcck im Vienna 1st<\/a>\n\t\t\t\t<\/h3>\n\t\t\t<\/div>\n\t\t<\/div>\n\t<\/header>\n<\/article>\n\t\t\t\t\t\t\t\t\n<article id=\"post-17602\" class=\"portfolio-entry  col-lg-4 col-md-4 col-sm-6 col-12 portfolio-single masonry-item proj-cat-family-and-friends portfolio-text-shown post-17602 portfolio type-portfolio status-publish has-post-thumbnail hentry project-cat-family-and-friends\">\n\t<header class=\"entry-header\">\n\t\t\t\t\t<figure class=\"entry-thumbnail color-scheme-light\">\n\t\t\t\t<a href=\"https:\/\/hackl-gastro.at\/aktuelles\/family-brunch\/\" class=\"portfolio-thumbnail\">\n\t\t\t\t\t<img width=\"1200\" height=\"800\" src=\"https:\/\/hackl-gastro.at\/wp-content\/uploads\/Family-and-Friends-Familienfeier-Wien.jpg\" class=\"attachment-large size-large\" alt=\"Family and Friends Familienfeier Wien\" decoding=\"async\" srcset=\"https:\/\/hackl-gastro.at\/wp-content\/uploads\/Family-and-Friends-Familienfeier-Wien.jpg 1200w, https:\/\/hackl-gastro.at\/wp-content\/uploads\/Family-and-Friends-Familienfeier-Wien-430x287.jpg 430w, https:\/\/hackl-gastro.at\/wp-content\/uploads\/Family-and-Friends-Familienfeier-Wien-150x100.jpg 150w, https:\/\/hackl-gastro.at\/wp-content\/uploads\/Family-and-Friends-Familienfeier-Wien-700x467.jpg 700w, https:\/\/hackl-gastro.at\/wp-content\/uploads\/Family-and-Friends-Familienfeier-Wien-400x267.jpg 400w, https:\/\/hackl-gastro.at\/wp-content\/uploads\/Family-and-Friends-Familienfeier-Wien-768x512.jpg 768w, https:\/\/hackl-gastro.at\/wp-content\/uploads\/Family-and-Friends-Familienfeier-Wien-860x573.jpg 860w\" sizes=\"(max-width: 1200px) 100vw, 1200px\" \/>\t\t\t\t<\/a>\n\t\t\t\t<div class=\"wd-portfolio-btns\">\n\t\t\t\t\t<div class=\"portfolio-enlarge wd-action-btn wd-style-icon wd-enlarge-icon wd-tltp wd-tltp-left\">\n\t\t\t\t\t\t<a href=\"https:\/\/hackl-gastro.at\/wp-content\/uploads\/Family-and-Friends-Familienfeier-Wien.jpg\" data-elementor-open-lightbox=\"no\">View Large<\/a>\n\t\t\t\t\t<\/div>\n\t\t\t\t\t\t\t\t\t\t\t<div class=\"social-icons-wrapper wd-action-btn wd-style-icon wd-share-icon wd-tltp wd-tltp-left\">\n\t\t\t\t\t\t\t<a><\/a>\n\t\t\t\t\t\t\t<div class=\"wd-tooltip-label\">\n\t\t\t\t\t\t\t\t\n\t\t\t<div class=\" wd-social-icons icons-design-default icons-size-small color-scheme-light social-share social-form-circle text-center\">\n\n\t\t\t\t\n\t\t\t\t\t\t\t\t\t<a rel=\"noopener noreferrer nofollow\" href=\"https:\/\/www.facebook.com\/sharer\/sharer.php?u=https:\/\/hackl-gastro.at\/aktuelles\/family-brunch\/\" target=\"_blank\" class=\" wd-social-icon social-facebook\" aria-label=\"Facebook social link\">\n\t\t\t\t\t\t<span class=\"wd-icon\"><\/span>\n\t\t\t\t\t\t\t\t\t\t\t<\/a>\n\t\t\t\t\n\t\t\t\t\t\t\t\t\t<a rel=\"noopener noreferrer nofollow\" href=\"https:\/\/twitter.com\/share?url=https:\/\/hackl-gastro.at\/aktuelles\/family-brunch\/\" target=\"_blank\" class=\" wd-social-icon social-twitter\" aria-label=\"Twitter social link\">\n\t\t\t\t\t\t<span class=\"wd-icon\"><\/span>\n\t\t\t\t\t\t\t\t\t\t\t<\/a>\n\t\t\t\t\n\t\t\t\t\n\t\t\t\t\n\t\t\t\t\n\t\t\t\t\t\t\t\t\t<a rel=\"noopener noreferrer nofollow\" href=\"https:\/\/pinterest.com\/pin\/create\/button\/?url=https:\/\/hackl-gastro.at\/aktuelles\/family-brunch\/&media=https:\/\/hackl-gastro.at\/wp-content\/uploads\/Family-and-Friends-Familienfeier-Wien.jpg&description=Jeden+Sonntag%3A+Family+Brunch+mit+Prosecco+als+Apero\" target=\"_blank\" class=\" wd-social-icon social-pinterest\" aria-label=\"Pinterest social link\">\n\t\t\t\t\t\t<span class=\"wd-icon\"><\/span>\n\t\t\t\t\t\t\t\t\t\t\t<\/a>\n\t\t\t\t\n\t\t\t\t\n\t\t\t\t\t\t\t\t\t<a rel=\"noopener noreferrer nofollow\" href=\"https:\/\/www.linkedin.com\/shareArticle?mini=true&url=https:\/\/hackl-gastro.at\/aktuelles\/family-brunch\/\" target=\"_blank\" class=\" wd-social-icon social-linkedin\" aria-label=\"Linkedin social link\">\n\t\t\t\t\t\t<span class=\"wd-icon\"><\/span>\n\t\t\t\t\t\t\t\t\t\t\t<\/a>\n\t\t\t\t\n\t\t\t\t\n\t\t\t\t\n\t\t\t\t\n\t\t\t\t\n\t\t\t\t\n\t\t\t\t\n\t\t\t\t\n\t\t\t\t\n\t\t\t\t\n\t\t\t\t\t\t\t\t\n\t\t\t\t\t\t\t\t\n\t\t\t\t\n\t\t\t\t\n\t\t\t\t\t\t\t\t\t<a rel=\"noopener noreferrer nofollow\" href=\"https:\/\/telegram.me\/share\/url?url=https:\/\/hackl-gastro.at\/aktuelles\/family-brunch\/\" target=\"_blank\" class=\" wd-social-icon social-tg\" aria-label=\"Telegram social link\">\n\t\t\t\t\t\t<span class=\"wd-icon\"><\/span>\n\t\t\t\t\t\t\t\t\t\t\t<\/a>\n\t\t\t\t\t\t\t\t\n\t\t\t\t\n\t\t\t<\/div>\n\n\t\t\t\t\t\t\t\t\t<\/div>\n\t\t\t\t\t\t<\/div>\n\t\t\t\t\t\t\t\t\t<\/div>\n\t\t\t<\/figure>\n\t\t\n\t\t<div class=\"portfolio-info\">\n\t\t\t\t\t\t\t<div class=\"wrap-meta\">\n\t\t\t\t\t<ul class=\"proj-cats-list\">\n\t\t\t\t\t\t\t\t\t\t\t\t\t\t\t\t\t\t\t\t<li>Family and Friends<\/li>\n\t\t\t\t\t\t\t\t\t\t\t<\/ul>\n\t\t\t\t<\/div>\n\t\t\t\n\t\t\t<div class=\"wrap-title\">\n\t\t\t\t<h3 class=\"wd-entities-title\">\n\t\t\t\t\t<a href=\"https:\/\/hackl-gastro.at\/aktuelles\/family-brunch\/\" rel=\"bookmark\">Jeden Sonntag: Family Brunch mit Prosecco als Apero<\/a>\n\t\t\t\t<\/h3>\n\t\t\t<\/div>\n\t\t<\/div>\n\t<\/header>\n<\/article>\n\t\t\n\t\t\n\t\t\n\t\t\t\t\t","status":"have-posts","nextPage":"https:\/\/hackl-gastro.at\/aktuelles\/page\/9\/?woo_ajax=1","currentPage":"https:\/\/hackl-gastro.at\/aktuelles\/page\/8"}