{"items":"\t\t\t<link rel=\"stylesheet\" id=\"wd-photoswipe-css\" href=\"https:\/\/hackl-gastro.at\/wp-content\/themes\/woodmart\/css\/parts\/lib-photoswipe.min.css?ver=7.3.0\" type=\"text\/css\" media=\"all\" \/> \t\t\t\t\t\t<link rel=\"stylesheet\" id=\"wd-project-under-css\" href=\"https:\/\/hackl-gastro.at\/wp-content\/themes\/woodmart\/css\/parts\/project-under.min.css?ver=7.3.0\" type=\"text\/css\" media=\"all\" \/> \t\t\t\n\t\t\n\t\t\n\t\t\t\t\t\t\t\t\n<article id=\"post-17611\" class=\"portfolio-entry  col-lg-4 col-md-4 col-sm-6 col-12 portfolio-single masonry-item proj-cat-vienna-1st portfolio-text-shown post-17611 portfolio type-portfolio status-publish has-post-thumbnail hentry project-cat-vienna-1st\">\n\t<header class=\"entry-header\">\n\t\t\t\t\t<figure class=\"entry-thumbnail color-scheme-light\">\n\t\t\t\t<a href=\"https:\/\/hackl-gastro.at\/aktuelles\/muschelschlemmerei\/\" class=\"portfolio-thumbnail\">\n\t\t\t\t\t<img width=\"1200\" height=\"800\" src=\"https:\/\/hackl-gastro.at\/wp-content\/uploads\/Muschelessen-Wien-Vienna-1st-Hackl-gastro-1200x800.jpg\" class=\"attachment-large size-large\" alt=\"Muschelessen Wien Vienna 1st Hackl gastro\" decoding=\"async\" srcset=\"https:\/\/hackl-gastro.at\/wp-content\/uploads\/Muschelessen-Wien-Vienna-1st-Hackl-gastro-1200x800.jpg 1200w, https:\/\/hackl-gastro.at\/wp-content\/uploads\/Muschelessen-Wien-Vienna-1st-Hackl-gastro-430x287.jpg 430w, https:\/\/hackl-gastro.at\/wp-content\/uploads\/Muschelessen-Wien-Vienna-1st-Hackl-gastro-150x100.jpg 150w, https:\/\/hackl-gastro.at\/wp-content\/uploads\/Muschelessen-Wien-Vienna-1st-Hackl-gastro-700x467.jpg 700w, https:\/\/hackl-gastro.at\/wp-content\/uploads\/Muschelessen-Wien-Vienna-1st-Hackl-gastro-400x267.jpg 400w, https:\/\/hackl-gastro.at\/wp-content\/uploads\/Muschelessen-Wien-Vienna-1st-Hackl-gastro-768x512.jpg 768w, https:\/\/hackl-gastro.at\/wp-content\/uploads\/Muschelessen-Wien-Vienna-1st-Hackl-gastro-1536x1024.jpg 1536w, https:\/\/hackl-gastro.at\/wp-content\/uploads\/Muschelessen-Wien-Vienna-1st-Hackl-gastro-860x573.jpg 860w, https:\/\/hackl-gastro.at\/wp-content\/uploads\/Muschelessen-Wien-Vienna-1st-Hackl-gastro.jpg 1920w\" sizes=\"(max-width: 1200px) 100vw, 1200px\" \/>\t\t\t\t<\/a>\n\t\t\t\t<div class=\"wd-portfolio-btns\">\n\t\t\t\t\t<div class=\"portfolio-enlarge wd-action-btn wd-style-icon wd-enlarge-icon wd-tltp wd-tltp-left\">\n\t\t\t\t\t\t<a href=\"https:\/\/hackl-gastro.at\/wp-content\/uploads\/Muschelessen-Wien-Vienna-1st-Hackl-gastro.jpg\" data-elementor-open-lightbox=\"no\">View Large<\/a>\n\t\t\t\t\t<\/div>\n\t\t\t\t\t\t\t\t\t\t\t<div class=\"social-icons-wrapper wd-action-btn wd-style-icon wd-share-icon wd-tltp wd-tltp-left\">\n\t\t\t\t\t\t\t<a><\/a>\n\t\t\t\t\t\t\t<div class=\"wd-tooltip-label\">\n\t\t\t\t\t\t\t\t\t\t\t<link rel=\"stylesheet\" id=\"wd-social-icons-css\" href=\"https:\/\/hackl-gastro.at\/wp-content\/themes\/woodmart\/css\/parts\/el-social-icons.min.css?ver=7.3.0\" type=\"text\/css\" media=\"all\" \/> \t\t\t\n\t\t\t<div class=\" wd-social-icons icons-design-default icons-size-small color-scheme-light social-share social-form-circle text-center\">\n\n\t\t\t\t\n\t\t\t\t\t\t\t\t\t<a rel=\"noopener noreferrer nofollow\" href=\"https:\/\/www.facebook.com\/sharer\/sharer.php?u=https:\/\/hackl-gastro.at\/aktuelles\/muschelschlemmerei\/\" target=\"_blank\" class=\" wd-social-icon social-facebook\" aria-label=\"Facebook social link\">\n\t\t\t\t\t\t<span class=\"wd-icon\"><\/span>\n\t\t\t\t\t\t\t\t\t\t\t<\/a>\n\t\t\t\t\n\t\t\t\t\t\t\t\t\t<a rel=\"noopener noreferrer nofollow\" href=\"https:\/\/twitter.com\/share?url=https:\/\/hackl-gastro.at\/aktuelles\/muschelschlemmerei\/\" target=\"_blank\" class=\" wd-social-icon social-twitter\" aria-label=\"Twitter social link\">\n\t\t\t\t\t\t<span class=\"wd-icon\"><\/span>\n\t\t\t\t\t\t\t\t\t\t\t<\/a>\n\t\t\t\t\n\t\t\t\t\n\t\t\t\t\n\t\t\t\t\n\t\t\t\t\t\t\t\t\t<a rel=\"noopener noreferrer nofollow\" href=\"https:\/\/pinterest.com\/pin\/create\/button\/?url=https:\/\/hackl-gastro.at\/aktuelles\/muschelschlemmerei\/&media=https:\/\/hackl-gastro.at\/wp-content\/uploads\/Muschelessen-Wien-Vienna-1st-Hackl-gastro.jpg&description=Jeden+Freitag%3A+Muschelschlemmerei\" target=\"_blank\" class=\" wd-social-icon social-pinterest\" aria-label=\"Pinterest social link\">\n\t\t\t\t\t\t<span class=\"wd-icon\"><\/span>\n\t\t\t\t\t\t\t\t\t\t\t<\/a>\n\t\t\t\t\n\t\t\t\t\n\t\t\t\t\t\t\t\t\t<a rel=\"noopener noreferrer nofollow\" href=\"https:\/\/www.linkedin.com\/shareArticle?mini=true&url=https:\/\/hackl-gastro.at\/aktuelles\/muschelschlemmerei\/\" target=\"_blank\" class=\" wd-social-icon social-linkedin\" aria-label=\"Linkedin social link\">\n\t\t\t\t\t\t<span class=\"wd-icon\"><\/span>\n\t\t\t\t\t\t\t\t\t\t\t<\/a>\n\t\t\t\t\n\t\t\t\t\n\t\t\t\t\n\t\t\t\t\n\t\t\t\t\n\t\t\t\t\n\t\t\t\t\n\t\t\t\t\n\t\t\t\t\n\t\t\t\t\n\t\t\t\t\t\t\t\t\n\t\t\t\t\t\t\t\t\n\t\t\t\t\n\t\t\t\t\n\t\t\t\t\t\t\t\t\t<a rel=\"noopener noreferrer nofollow\" href=\"https:\/\/telegram.me\/share\/url?url=https:\/\/hackl-gastro.at\/aktuelles\/muschelschlemmerei\/\" target=\"_blank\" class=\" wd-social-icon social-tg\" aria-label=\"Telegram social link\">\n\t\t\t\t\t\t<span class=\"wd-icon\"><\/span>\n\t\t\t\t\t\t\t\t\t\t\t<\/a>\n\t\t\t\t\t\t\t\t\n\t\t\t\t\n\t\t\t<\/div>\n\n\t\t\t\t\t\t\t\t\t<\/div>\n\t\t\t\t\t\t<\/div>\n\t\t\t\t\t\t\t\t\t<\/div>\n\t\t\t<\/figure>\n\t\t\n\t\t<div class=\"portfolio-info\">\n\t\t\t\t\t\t\t<div class=\"wrap-meta\">\n\t\t\t\t\t<ul class=\"proj-cats-list\">\n\t\t\t\t\t\t\t\t\t\t\t\t\t\t\t\t\t\t\t\t<li>Vienna 1st<\/li>\n\t\t\t\t\t\t\t\t\t\t\t<\/ul>\n\t\t\t\t<\/div>\n\t\t\t\n\t\t\t<div class=\"wrap-title\">\n\t\t\t\t<h3 class=\"wd-entities-title\">\n\t\t\t\t\t<a href=\"https:\/\/hackl-gastro.at\/aktuelles\/muschelschlemmerei\/\" rel=\"bookmark\">Jeden Freitag: Muschelschlemmerei<\/a>\n\t\t\t\t<\/h3>\n\t\t\t<\/div>\n\t\t<\/div>\n\t<\/header>\n<\/article>\n\t\t\t\t\t\t\t\t\n<article id=\"post-17614\" class=\"portfolio-entry  col-lg-4 col-md-4 col-sm-6 col-12 portfolio-single masonry-item proj-cat-vienna-1st portfolio-text-shown post-17614 portfolio type-portfolio status-publish has-post-thumbnail hentry project-cat-vienna-1st\">\n\t<header class=\"entry-header\">\n\t\t\t\t\t<figure class=\"entry-thumbnail color-scheme-light\">\n\t\t\t\t<a href=\"https:\/\/hackl-gastro.at\/aktuelles\/vienna-city-brunch\/\" class=\"portfolio-thumbnail\">\n\t\t\t\t\t<img width=\"1200\" height=\"800\" src=\"https:\/\/hackl-gastro.at\/wp-content\/uploads\/Brunch-Buffet-Wien-Hackl-Gastro.jpg\" class=\"attachment-large size-large\" alt=\"Brunch Buffet Wien Hackl Gastro\" decoding=\"async\" srcset=\"https:\/\/hackl-gastro.at\/wp-content\/uploads\/Brunch-Buffet-Wien-Hackl-Gastro.jpg 1200w, https:\/\/hackl-gastro.at\/wp-content\/uploads\/Brunch-Buffet-Wien-Hackl-Gastro-430x287.jpg 430w, https:\/\/hackl-gastro.at\/wp-content\/uploads\/Brunch-Buffet-Wien-Hackl-Gastro-150x100.jpg 150w, https:\/\/hackl-gastro.at\/wp-content\/uploads\/Brunch-Buffet-Wien-Hackl-Gastro-700x467.jpg 700w, https:\/\/hackl-gastro.at\/wp-content\/uploads\/Brunch-Buffet-Wien-Hackl-Gastro-400x267.jpg 400w, https:\/\/hackl-gastro.at\/wp-content\/uploads\/Brunch-Buffet-Wien-Hackl-Gastro-768x512.jpg 768w, https:\/\/hackl-gastro.at\/wp-content\/uploads\/Brunch-Buffet-Wien-Hackl-Gastro-860x573.jpg 860w\" sizes=\"(max-width: 1200px) 100vw, 1200px\" \/>\t\t\t\t<\/a>\n\t\t\t\t<div class=\"wd-portfolio-btns\">\n\t\t\t\t\t<div class=\"portfolio-enlarge wd-action-btn wd-style-icon wd-enlarge-icon wd-tltp wd-tltp-left\">\n\t\t\t\t\t\t<a href=\"https:\/\/hackl-gastro.at\/wp-content\/uploads\/Brunch-Buffet-Wien-Hackl-Gastro.jpg\" data-elementor-open-lightbox=\"no\">View Large<\/a>\n\t\t\t\t\t<\/div>\n\t\t\t\t\t\t\t\t\t\t\t<div class=\"social-icons-wrapper wd-action-btn wd-style-icon wd-share-icon wd-tltp wd-tltp-left\">\n\t\t\t\t\t\t\t<a><\/a>\n\t\t\t\t\t\t\t<div class=\"wd-tooltip-label\">\n\t\t\t\t\t\t\t\t\n\t\t\t<div class=\" wd-social-icons icons-design-default icons-size-small color-scheme-light social-share social-form-circle text-center\">\n\n\t\t\t\t\n\t\t\t\t\t\t\t\t\t<a rel=\"noopener noreferrer nofollow\" href=\"https:\/\/www.facebook.com\/sharer\/sharer.php?u=https:\/\/hackl-gastro.at\/aktuelles\/vienna-city-brunch\/\" target=\"_blank\" class=\" wd-social-icon social-facebook\" aria-label=\"Facebook social link\">\n\t\t\t\t\t\t<span class=\"wd-icon\"><\/span>\n\t\t\t\t\t\t\t\t\t\t\t<\/a>\n\t\t\t\t\n\t\t\t\t\t\t\t\t\t<a rel=\"noopener noreferrer nofollow\" href=\"https:\/\/twitter.com\/share?url=https:\/\/hackl-gastro.at\/aktuelles\/vienna-city-brunch\/\" target=\"_blank\" class=\" wd-social-icon social-twitter\" aria-label=\"Twitter social link\">\n\t\t\t\t\t\t<span class=\"wd-icon\"><\/span>\n\t\t\t\t\t\t\t\t\t\t\t<\/a>\n\t\t\t\t\n\t\t\t\t\n\t\t\t\t\n\t\t\t\t\n\t\t\t\t\t\t\t\t\t<a rel=\"noopener noreferrer nofollow\" href=\"https:\/\/pinterest.com\/pin\/create\/button\/?url=https:\/\/hackl-gastro.at\/aktuelles\/vienna-city-brunch\/&media=https:\/\/hackl-gastro.at\/wp-content\/uploads\/Brunch-Buffet-Wien-Hackl-Gastro.jpg&description=Jeden+Samstag%3A+Vienna+City+Brunch+mit+Prosecco+als+Apero\" target=\"_blank\" class=\" wd-social-icon social-pinterest\" aria-label=\"Pinterest social link\">\n\t\t\t\t\t\t<span class=\"wd-icon\"><\/span>\n\t\t\t\t\t\t\t\t\t\t\t<\/a>\n\t\t\t\t\n\t\t\t\t\n\t\t\t\t\t\t\t\t\t<a rel=\"noopener noreferrer nofollow\" href=\"https:\/\/www.linkedin.com\/shareArticle?mini=true&url=https:\/\/hackl-gastro.at\/aktuelles\/vienna-city-brunch\/\" target=\"_blank\" class=\" wd-social-icon social-linkedin\" aria-label=\"Linkedin social link\">\n\t\t\t\t\t\t<span class=\"wd-icon\"><\/span>\n\t\t\t\t\t\t\t\t\t\t\t<\/a>\n\t\t\t\t\n\t\t\t\t\n\t\t\t\t\n\t\t\t\t\n\t\t\t\t\n\t\t\t\t\n\t\t\t\t\n\t\t\t\t\n\t\t\t\t\n\t\t\t\t\n\t\t\t\t\t\t\t\t\n\t\t\t\t\t\t\t\t\n\t\t\t\t\n\t\t\t\t\n\t\t\t\t\t\t\t\t\t<a rel=\"noopener noreferrer nofollow\" href=\"https:\/\/telegram.me\/share\/url?url=https:\/\/hackl-gastro.at\/aktuelles\/vienna-city-brunch\/\" target=\"_blank\" class=\" wd-social-icon social-tg\" aria-label=\"Telegram social link\">\n\t\t\t\t\t\t<span class=\"wd-icon\"><\/span>\n\t\t\t\t\t\t\t\t\t\t\t<\/a>\n\t\t\t\t\t\t\t\t\n\t\t\t\t\n\t\t\t<\/div>\n\n\t\t\t\t\t\t\t\t\t<\/div>\n\t\t\t\t\t\t<\/div>\n\t\t\t\t\t\t\t\t\t<\/div>\n\t\t\t<\/figure>\n\t\t\n\t\t<div class=\"portfolio-info\">\n\t\t\t\t\t\t\t<div class=\"wrap-meta\">\n\t\t\t\t\t<ul class=\"proj-cats-list\">\n\t\t\t\t\t\t\t\t\t\t\t\t\t\t\t\t\t\t\t\t<li>Vienna 1st<\/li>\n\t\t\t\t\t\t\t\t\t\t\t<\/ul>\n\t\t\t\t<\/div>\n\t\t\t\n\t\t\t<div class=\"wrap-title\">\n\t\t\t\t<h3 class=\"wd-entities-title\">\n\t\t\t\t\t<a href=\"https:\/\/hackl-gastro.at\/aktuelles\/vienna-city-brunch\/\" rel=\"bookmark\">Jeden Samstag: Vienna City Brunch mit Prosecco als Apero<\/a>\n\t\t\t\t<\/h3>\n\t\t\t<\/div>\n\t\t<\/div>\n\t<\/header>\n<\/article>\n\t\t\t\t\t\t\t\t\n<article id=\"post-17930\" class=\"portfolio-entry  col-lg-4 col-md-4 col-sm-6 col-12 portfolio-single masonry-item proj-cat-westside portfolio-text-shown post-17930 portfolio type-portfolio status-publish has-post-thumbnail hentry project-cat-westside\">\n\t<header class=\"entry-header\">\n\t\t\t\t\t<figure class=\"entry-thumbnail color-scheme-light\">\n\t\t\t\t<a href=\"https:\/\/hackl-gastro.at\/aktuelles\/fruehstueck-im-westside\/\" class=\"portfolio-thumbnail\">\n\t\t\t\t\t<img width=\"1200\" height=\"800\" src=\"https:\/\/hackl-gastro.at\/wp-content\/uploads\/Fruehstuecken_im_GO_Wien_Hackl_Gastro.jpg\" class=\"attachment-large size-large\" alt=\"Fr\u00fchst\u00fccken im GO!Wien Hackl Gastro\" decoding=\"async\" srcset=\"https:\/\/hackl-gastro.at\/wp-content\/uploads\/Fruehstuecken_im_GO_Wien_Hackl_Gastro.jpg 1200w, https:\/\/hackl-gastro.at\/wp-content\/uploads\/Fruehstuecken_im_GO_Wien_Hackl_Gastro-400x267.jpg 400w, https:\/\/hackl-gastro.at\/wp-content\/uploads\/Fruehstuecken_im_GO_Wien_Hackl_Gastro-768x512.jpg 768w, https:\/\/hackl-gastro.at\/wp-content\/uploads\/Fruehstuecken_im_GO_Wien_Hackl_Gastro-860x573.jpg 860w, https:\/\/hackl-gastro.at\/wp-content\/uploads\/Fruehstuecken_im_GO_Wien_Hackl_Gastro-430x287.jpg 430w, https:\/\/hackl-gastro.at\/wp-content\/uploads\/Fruehstuecken_im_GO_Wien_Hackl_Gastro-700x467.jpg 700w, https:\/\/hackl-gastro.at\/wp-content\/uploads\/Fruehstuecken_im_GO_Wien_Hackl_Gastro-150x100.jpg 150w\" sizes=\"(max-width: 1200px) 100vw, 1200px\" \/>\t\t\t\t<\/a>\n\t\t\t\t<div class=\"wd-portfolio-btns\">\n\t\t\t\t\t<div class=\"portfolio-enlarge wd-action-btn wd-style-icon wd-enlarge-icon wd-tltp wd-tltp-left\">\n\t\t\t\t\t\t<a href=\"https:\/\/hackl-gastro.at\/wp-content\/uploads\/Fruehstuecken_im_GO_Wien_Hackl_Gastro.jpg\" data-elementor-open-lightbox=\"no\">View Large<\/a>\n\t\t\t\t\t<\/div>\n\t\t\t\t\t\t\t\t\t\t\t<div class=\"social-icons-wrapper wd-action-btn wd-style-icon wd-share-icon wd-tltp wd-tltp-left\">\n\t\t\t\t\t\t\t<a><\/a>\n\t\t\t\t\t\t\t<div class=\"wd-tooltip-label\">\n\t\t\t\t\t\t\t\t\n\t\t\t<div class=\" wd-social-icons icons-design-default icons-size-small color-scheme-light social-share social-form-circle text-center\">\n\n\t\t\t\t\n\t\t\t\t\t\t\t\t\t<a rel=\"noopener noreferrer nofollow\" href=\"https:\/\/www.facebook.com\/sharer\/sharer.php?u=https:\/\/hackl-gastro.at\/aktuelles\/fruehstueck-im-westside\/\" target=\"_blank\" class=\" wd-social-icon social-facebook\" aria-label=\"Facebook social link\">\n\t\t\t\t\t\t<span class=\"wd-icon\"><\/span>\n\t\t\t\t\t\t\t\t\t\t\t<\/a>\n\t\t\t\t\n\t\t\t\t\t\t\t\t\t<a rel=\"noopener noreferrer nofollow\" href=\"https:\/\/twitter.com\/share?url=https:\/\/hackl-gastro.at\/aktuelles\/fruehstueck-im-westside\/\" target=\"_blank\" class=\" wd-social-icon social-twitter\" aria-label=\"Twitter social link\">\n\t\t\t\t\t\t<span class=\"wd-icon\"><\/span>\n\t\t\t\t\t\t\t\t\t\t\t<\/a>\n\t\t\t\t\n\t\t\t\t\n\t\t\t\t\n\t\t\t\t\n\t\t\t\t\t\t\t\t\t<a rel=\"noopener noreferrer nofollow\" href=\"https:\/\/pinterest.com\/pin\/create\/button\/?url=https:\/\/hackl-gastro.at\/aktuelles\/fruehstueck-im-westside\/&media=https:\/\/hackl-gastro.at\/wp-content\/uploads\/Fruehstuecken_im_GO_Wien_Hackl_Gastro.jpg&description=T%C3%A4glich%3A+Fr%C3%BChst%C3%BCck+im+Westside\" target=\"_blank\" class=\" wd-social-icon social-pinterest\" aria-label=\"Pinterest social link\">\n\t\t\t\t\t\t<span class=\"wd-icon\"><\/span>\n\t\t\t\t\t\t\t\t\t\t\t<\/a>\n\t\t\t\t\n\t\t\t\t\n\t\t\t\t\t\t\t\t\t<a rel=\"noopener noreferrer nofollow\" href=\"https:\/\/www.linkedin.com\/shareArticle?mini=true&url=https:\/\/hackl-gastro.at\/aktuelles\/fruehstueck-im-westside\/\" target=\"_blank\" class=\" wd-social-icon social-linkedin\" aria-label=\"Linkedin social link\">\n\t\t\t\t\t\t<span class=\"wd-icon\"><\/span>\n\t\t\t\t\t\t\t\t\t\t\t<\/a>\n\t\t\t\t\n\t\t\t\t\n\t\t\t\t\n\t\t\t\t\n\t\t\t\t\n\t\t\t\t\n\t\t\t\t\n\t\t\t\t\n\t\t\t\t\n\t\t\t\t\n\t\t\t\t\t\t\t\t\n\t\t\t\t\t\t\t\t\n\t\t\t\t\n\t\t\t\t\n\t\t\t\t\t\t\t\t\t<a rel=\"noopener noreferrer nofollow\" href=\"https:\/\/telegram.me\/share\/url?url=https:\/\/hackl-gastro.at\/aktuelles\/fruehstueck-im-westside\/\" target=\"_blank\" class=\" wd-social-icon social-tg\" aria-label=\"Telegram social link\">\n\t\t\t\t\t\t<span class=\"wd-icon\"><\/span>\n\t\t\t\t\t\t\t\t\t\t\t<\/a>\n\t\t\t\t\t\t\t\t\n\t\t\t\t\n\t\t\t<\/div>\n\n\t\t\t\t\t\t\t\t\t<\/div>\n\t\t\t\t\t\t<\/div>\n\t\t\t\t\t\t\t\t\t<\/div>\n\t\t\t<\/figure>\n\t\t\n\t\t<div class=\"portfolio-info\">\n\t\t\t\t\t\t\t<div class=\"wrap-meta\">\n\t\t\t\t\t<ul class=\"proj-cats-list\">\n\t\t\t\t\t\t\t\t\t\t\t\t\t\t\t\t\t\t\t\t<li>Westside<\/li>\n\t\t\t\t\t\t\t\t\t\t\t<\/ul>\n\t\t\t\t<\/div>\n\t\t\t\n\t\t\t<div class=\"wrap-title\">\n\t\t\t\t<h3 class=\"wd-entities-title\">\n\t\t\t\t\t<a href=\"https:\/\/hackl-gastro.at\/aktuelles\/fruehstueck-im-westside\/\" rel=\"bookmark\">T\u00e4glich: Fr\u00fchst\u00fcck im Westside<\/a>\n\t\t\t\t<\/h3>\n\t\t\t<\/div>\n\t\t<\/div>\n\t<\/header>\n<\/article>\n\t\t\t\t\t\t\t\t\n<article id=\"post-17923\" class=\"portfolio-entry  col-lg-4 col-md-4 col-sm-6 col-12 portfolio-single masonry-item portfolio-text-shown post-17923 portfolio type-portfolio status-publish has-post-thumbnail hentry\">\n\t<header class=\"entry-header\">\n\t\t\t\t\t<figure class=\"entry-thumbnail color-scheme-light\">\n\t\t\t\t<a href=\"https:\/\/hackl-gastro.at\/aktuelles\/its-time-for-bbq\/\" class=\"portfolio-thumbnail\">\n\t\t\t\t\t<img width=\"1200\" height=\"800\" src=\"https:\/\/hackl-gastro.at\/wp-content\/uploads\/its_Time_for_BBQ_Westside.jpg\" class=\"attachment-large size-large\" alt=\"its Time for BBQ Westside\" decoding=\"async\" srcset=\"https:\/\/hackl-gastro.at\/wp-content\/uploads\/its_Time_for_BBQ_Westside.jpg 1200w, https:\/\/hackl-gastro.at\/wp-content\/uploads\/its_Time_for_BBQ_Westside-400x267.jpg 400w, https:\/\/hackl-gastro.at\/wp-content\/uploads\/its_Time_for_BBQ_Westside-768x512.jpg 768w, https:\/\/hackl-gastro.at\/wp-content\/uploads\/its_Time_for_BBQ_Westside-860x573.jpg 860w, https:\/\/hackl-gastro.at\/wp-content\/uploads\/its_Time_for_BBQ_Westside-430x287.jpg 430w, https:\/\/hackl-gastro.at\/wp-content\/uploads\/its_Time_for_BBQ_Westside-700x467.jpg 700w, https:\/\/hackl-gastro.at\/wp-content\/uploads\/its_Time_for_BBQ_Westside-150x100.jpg 150w\" sizes=\"(max-width: 1200px) 100vw, 1200px\" \/>\t\t\t\t<\/a>\n\t\t\t\t<div class=\"wd-portfolio-btns\">\n\t\t\t\t\t<div class=\"portfolio-enlarge wd-action-btn wd-style-icon wd-enlarge-icon wd-tltp wd-tltp-left\">\n\t\t\t\t\t\t<a href=\"https:\/\/hackl-gastro.at\/wp-content\/uploads\/its_Time_for_BBQ_Westside.jpg\" data-elementor-open-lightbox=\"no\">View Large<\/a>\n\t\t\t\t\t<\/div>\n\t\t\t\t\t\t\t\t\t\t\t<div class=\"social-icons-wrapper wd-action-btn wd-style-icon wd-share-icon wd-tltp wd-tltp-left\">\n\t\t\t\t\t\t\t<a><\/a>\n\t\t\t\t\t\t\t<div class=\"wd-tooltip-label\">\n\t\t\t\t\t\t\t\t\n\t\t\t<div class=\" wd-social-icons icons-design-default icons-size-small color-scheme-light social-share social-form-circle text-center\">\n\n\t\t\t\t\n\t\t\t\t\t\t\t\t\t<a rel=\"noopener noreferrer nofollow\" href=\"https:\/\/www.facebook.com\/sharer\/sharer.php?u=https:\/\/hackl-gastro.at\/aktuelles\/its-time-for-bbq\/\" target=\"_blank\" class=\" wd-social-icon social-facebook\" aria-label=\"Facebook social link\">\n\t\t\t\t\t\t<span class=\"wd-icon\"><\/span>\n\t\t\t\t\t\t\t\t\t\t\t<\/a>\n\t\t\t\t\n\t\t\t\t\t\t\t\t\t<a rel=\"noopener noreferrer nofollow\" href=\"https:\/\/twitter.com\/share?url=https:\/\/hackl-gastro.at\/aktuelles\/its-time-for-bbq\/\" target=\"_blank\" class=\" wd-social-icon social-twitter\" aria-label=\"Twitter social link\">\n\t\t\t\t\t\t<span class=\"wd-icon\"><\/span>\n\t\t\t\t\t\t\t\t\t\t\t<\/a>\n\t\t\t\t\n\t\t\t\t\n\t\t\t\t\n\t\t\t\t\n\t\t\t\t\t\t\t\t\t<a rel=\"noopener noreferrer nofollow\" href=\"https:\/\/pinterest.com\/pin\/create\/button\/?url=https:\/\/hackl-gastro.at\/aktuelles\/its-time-for-bbq\/&media=https:\/\/hackl-gastro.at\/wp-content\/uploads\/its_Time_for_BBQ_Westside.jpg&description=Jeden+Freitag%3A+BBQ+Surf+%26%23038%3B+Turf+Road+Trip+f%C3%BCr+Zwei+-30%25\" target=\"_blank\" class=\" wd-social-icon social-pinterest\" aria-label=\"Pinterest social link\">\n\t\t\t\t\t\t<span class=\"wd-icon\"><\/span>\n\t\t\t\t\t\t\t\t\t\t\t<\/a>\n\t\t\t\t\n\t\t\t\t\n\t\t\t\t\t\t\t\t\t<a rel=\"noopener noreferrer nofollow\" href=\"https:\/\/www.linkedin.com\/shareArticle?mini=true&url=https:\/\/hackl-gastro.at\/aktuelles\/its-time-for-bbq\/\" target=\"_blank\" class=\" wd-social-icon social-linkedin\" aria-label=\"Linkedin social link\">\n\t\t\t\t\t\t<span class=\"wd-icon\"><\/span>\n\t\t\t\t\t\t\t\t\t\t\t<\/a>\n\t\t\t\t\n\t\t\t\t\n\t\t\t\t\n\t\t\t\t\n\t\t\t\t\n\t\t\t\t\n\t\t\t\t\n\t\t\t\t\n\t\t\t\t\n\t\t\t\t\n\t\t\t\t\t\t\t\t\n\t\t\t\t\t\t\t\t\n\t\t\t\t\n\t\t\t\t\n\t\t\t\t\t\t\t\t\t<a rel=\"noopener noreferrer nofollow\" href=\"https:\/\/telegram.me\/share\/url?url=https:\/\/hackl-gastro.at\/aktuelles\/its-time-for-bbq\/\" target=\"_blank\" class=\" wd-social-icon social-tg\" aria-label=\"Telegram social link\">\n\t\t\t\t\t\t<span class=\"wd-icon\"><\/span>\n\t\t\t\t\t\t\t\t\t\t\t<\/a>\n\t\t\t\t\t\t\t\t\n\t\t\t\t\n\t\t\t<\/div>\n\n\t\t\t\t\t\t\t\t\t<\/div>\n\t\t\t\t\t\t<\/div>\n\t\t\t\t\t\t\t\t\t<\/div>\n\t\t\t<\/figure>\n\t\t\n\t\t<div class=\"portfolio-info\">\n\t\t\t\n\t\t\t<div class=\"wrap-title\">\n\t\t\t\t<h3 class=\"wd-entities-title\">\n\t\t\t\t\t<a href=\"https:\/\/hackl-gastro.at\/aktuelles\/its-time-for-bbq\/\" rel=\"bookmark\">Jeden Freitag: BBQ Surf &#038; Turf Road Trip f\u00fcr Zwei -30%<\/a>\n\t\t\t\t<\/h3>\n\t\t\t<\/div>\n\t\t<\/div>\n\t<\/header>\n<\/article>\n\t\t\t\t\t\t\t\t\n<article id=\"post-17899\" class=\"portfolio-entry  col-lg-4 col-md-4 col-sm-6 col-12 portfolio-single masonry-item proj-cat-m-lounge portfolio-text-shown post-17899 portfolio type-portfolio status-publish has-post-thumbnail hentry project-cat-m-lounge\">\n\t<header class=\"entry-header\">\n\t\t\t\t\t<figure class=\"entry-thumbnail color-scheme-light\">\n\t\t\t\t<a href=\"https:\/\/hackl-gastro.at\/aktuelles\/taste-of-india\/\" class=\"portfolio-thumbnail\">\n\t\t\t\t\t<img width=\"1200\" height=\"800\" src=\"https:\/\/hackl-gastro.at\/wp-content\/uploads\/Taste_of_India_M_Lounge.jpg\" class=\"attachment-large size-large\" alt=\"Taste of India M Lounge\" decoding=\"async\" srcset=\"https:\/\/hackl-gastro.at\/wp-content\/uploads\/Taste_of_India_M_Lounge.jpg 1200w, https:\/\/hackl-gastro.at\/wp-content\/uploads\/Taste_of_India_M_Lounge-400x267.jpg 400w, https:\/\/hackl-gastro.at\/wp-content\/uploads\/Taste_of_India_M_Lounge-768x512.jpg 768w, https:\/\/hackl-gastro.at\/wp-content\/uploads\/Taste_of_India_M_Lounge-860x573.jpg 860w, https:\/\/hackl-gastro.at\/wp-content\/uploads\/Taste_of_India_M_Lounge-430x287.jpg 430w, https:\/\/hackl-gastro.at\/wp-content\/uploads\/Taste_of_India_M_Lounge-700x467.jpg 700w, https:\/\/hackl-gastro.at\/wp-content\/uploads\/Taste_of_India_M_Lounge-150x100.jpg 150w\" sizes=\"(max-width: 1200px) 100vw, 1200px\" \/>\t\t\t\t<\/a>\n\t\t\t\t<div class=\"wd-portfolio-btns\">\n\t\t\t\t\t<div class=\"portfolio-enlarge wd-action-btn wd-style-icon wd-enlarge-icon wd-tltp wd-tltp-left\">\n\t\t\t\t\t\t<a href=\"https:\/\/hackl-gastro.at\/wp-content\/uploads\/Taste_of_India_M_Lounge.jpg\" data-elementor-open-lightbox=\"no\">View Large<\/a>\n\t\t\t\t\t<\/div>\n\t\t\t\t\t\t\t\t\t\t\t<div class=\"social-icons-wrapper wd-action-btn wd-style-icon wd-share-icon wd-tltp wd-tltp-left\">\n\t\t\t\t\t\t\t<a><\/a>\n\t\t\t\t\t\t\t<div class=\"wd-tooltip-label\">\n\t\t\t\t\t\t\t\t\n\t\t\t<div class=\" wd-social-icons icons-design-default icons-size-small color-scheme-light social-share social-form-circle text-center\">\n\n\t\t\t\t\n\t\t\t\t\t\t\t\t\t<a rel=\"noopener noreferrer nofollow\" href=\"https:\/\/www.facebook.com\/sharer\/sharer.php?u=https:\/\/hackl-gastro.at\/aktuelles\/taste-of-india\/\" target=\"_blank\" class=\" wd-social-icon social-facebook\" aria-label=\"Facebook social link\">\n\t\t\t\t\t\t<span class=\"wd-icon\"><\/span>\n\t\t\t\t\t\t\t\t\t\t\t<\/a>\n\t\t\t\t\n\t\t\t\t\t\t\t\t\t<a rel=\"noopener noreferrer nofollow\" href=\"https:\/\/twitter.com\/share?url=https:\/\/hackl-gastro.at\/aktuelles\/taste-of-india\/\" target=\"_blank\" class=\" wd-social-icon social-twitter\" aria-label=\"Twitter social link\">\n\t\t\t\t\t\t<span class=\"wd-icon\"><\/span>\n\t\t\t\t\t\t\t\t\t\t\t<\/a>\n\t\t\t\t\n\t\t\t\t\n\t\t\t\t\n\t\t\t\t\n\t\t\t\t\t\t\t\t\t<a rel=\"noopener noreferrer nofollow\" href=\"https:\/\/pinterest.com\/pin\/create\/button\/?url=https:\/\/hackl-gastro.at\/aktuelles\/taste-of-india\/&media=https:\/\/hackl-gastro.at\/wp-content\/uploads\/Taste_of_India_M_Lounge.jpg&description=Jeden+Dienstag%3A+Taste+of+India+-30%25\" target=\"_blank\" class=\" wd-social-icon social-pinterest\" aria-label=\"Pinterest social link\">\n\t\t\t\t\t\t<span class=\"wd-icon\"><\/span>\n\t\t\t\t\t\t\t\t\t\t\t<\/a>\n\t\t\t\t\n\t\t\t\t\n\t\t\t\t\t\t\t\t\t<a rel=\"noopener noreferrer nofollow\" href=\"https:\/\/www.linkedin.com\/shareArticle?mini=true&url=https:\/\/hackl-gastro.at\/aktuelles\/taste-of-india\/\" target=\"_blank\" class=\" wd-social-icon social-linkedin\" aria-label=\"Linkedin social link\">\n\t\t\t\t\t\t<span class=\"wd-icon\"><\/span>\n\t\t\t\t\t\t\t\t\t\t\t<\/a>\n\t\t\t\t\n\t\t\t\t\n\t\t\t\t\n\t\t\t\t\n\t\t\t\t\n\t\t\t\t\n\t\t\t\t\n\t\t\t\t\n\t\t\t\t\n\t\t\t\t\n\t\t\t\t\t\t\t\t\n\t\t\t\t\t\t\t\t\n\t\t\t\t\n\t\t\t\t\n\t\t\t\t\t\t\t\t\t<a rel=\"noopener noreferrer nofollow\" href=\"https:\/\/telegram.me\/share\/url?url=https:\/\/hackl-gastro.at\/aktuelles\/taste-of-india\/\" target=\"_blank\" class=\" wd-social-icon social-tg\" aria-label=\"Telegram social link\">\n\t\t\t\t\t\t<span class=\"wd-icon\"><\/span>\n\t\t\t\t\t\t\t\t\t\t\t<\/a>\n\t\t\t\t\t\t\t\t\n\t\t\t\t\n\t\t\t<\/div>\n\n\t\t\t\t\t\t\t\t\t<\/div>\n\t\t\t\t\t\t<\/div>\n\t\t\t\t\t\t\t\t\t<\/div>\n\t\t\t<\/figure>\n\t\t\n\t\t<div class=\"portfolio-info\">\n\t\t\t\t\t\t\t<div class=\"wrap-meta\">\n\t\t\t\t\t<ul class=\"proj-cats-list\">\n\t\t\t\t\t\t\t\t\t\t\t\t\t\t\t\t\t\t\t\t<li>M Lounge<\/li>\n\t\t\t\t\t\t\t\t\t\t\t<\/ul>\n\t\t\t\t<\/div>\n\t\t\t\n\t\t\t<div class=\"wrap-title\">\n\t\t\t\t<h3 class=\"wd-entities-title\">\n\t\t\t\t\t<a href=\"https:\/\/hackl-gastro.at\/aktuelles\/taste-of-india\/\" rel=\"bookmark\">Jeden Dienstag: Taste of India -30%<\/a>\n\t\t\t\t<\/h3>\n\t\t\t<\/div>\n\t\t<\/div>\n\t<\/header>\n<\/article>\n\t\t\t\t\t\t\t\t\n<article id=\"post-17888\" class=\"portfolio-entry  col-lg-4 col-md-4 col-sm-6 col-12 portfolio-single masonry-item proj-cat-m-lounge portfolio-text-shown post-17888 portfolio type-portfolio status-publish has-post-thumbnail hentry project-cat-m-lounge\">\n\t<header class=\"entry-header\">\n\t\t\t\t\t<figure class=\"entry-thumbnail color-scheme-light\">\n\t\t\t\t<a href=\"https:\/\/hackl-gastro.at\/aktuelles\/burger-2for1-m-lounge\/\" class=\"portfolio-thumbnail\">\n\t\t\t\t\t<img width=\"1200\" height=\"800\" src=\"https:\/\/hackl-gastro.at\/wp-content\/uploads\/GOWien_Cheeseburger_Hackl-Gastro-Mittagsmenue-1200x800.jpg\" class=\"attachment-large size-large\" alt=\"GOWien_Cheeseburger_Hackl Gastro Mittagsmen\u00fc\" decoding=\"async\" srcset=\"https:\/\/hackl-gastro.at\/wp-content\/uploads\/GOWien_Cheeseburger_Hackl-Gastro-Mittagsmenue-1200x800.jpg 1200w, https:\/\/hackl-gastro.at\/wp-content\/uploads\/GOWien_Cheeseburger_Hackl-Gastro-Mittagsmenue-430x287.jpg 430w, https:\/\/hackl-gastro.at\/wp-content\/uploads\/GOWien_Cheeseburger_Hackl-Gastro-Mittagsmenue-150x100.jpg 150w, https:\/\/hackl-gastro.at\/wp-content\/uploads\/GOWien_Cheeseburger_Hackl-Gastro-Mittagsmenue-700x467.jpg 700w, https:\/\/hackl-gastro.at\/wp-content\/uploads\/GOWien_Cheeseburger_Hackl-Gastro-Mittagsmenue-400x267.jpg 400w, https:\/\/hackl-gastro.at\/wp-content\/uploads\/GOWien_Cheeseburger_Hackl-Gastro-Mittagsmenue-768x512.jpg 768w, https:\/\/hackl-gastro.at\/wp-content\/uploads\/GOWien_Cheeseburger_Hackl-Gastro-Mittagsmenue-1536x1024.jpg 1536w, https:\/\/hackl-gastro.at\/wp-content\/uploads\/GOWien_Cheeseburger_Hackl-Gastro-Mittagsmenue-860x573.jpg 860w, https:\/\/hackl-gastro.at\/wp-content\/uploads\/GOWien_Cheeseburger_Hackl-Gastro-Mittagsmenue.jpg 1920w\" sizes=\"(max-width: 1200px) 100vw, 1200px\" \/>\t\t\t\t<\/a>\n\t\t\t\t<div class=\"wd-portfolio-btns\">\n\t\t\t\t\t<div class=\"portfolio-enlarge wd-action-btn wd-style-icon wd-enlarge-icon wd-tltp wd-tltp-left\">\n\t\t\t\t\t\t<a href=\"https:\/\/hackl-gastro.at\/wp-content\/uploads\/GOWien_Cheeseburger_Hackl-Gastro-Mittagsmenue.jpg\" data-elementor-open-lightbox=\"no\">View Large<\/a>\n\t\t\t\t\t<\/div>\n\t\t\t\t\t\t\t\t\t\t\t<div class=\"social-icons-wrapper wd-action-btn wd-style-icon wd-share-icon wd-tltp wd-tltp-left\">\n\t\t\t\t\t\t\t<a><\/a>\n\t\t\t\t\t\t\t<div class=\"wd-tooltip-label\">\n\t\t\t\t\t\t\t\t\n\t\t\t<div class=\" wd-social-icons icons-design-default icons-size-small color-scheme-light social-share social-form-circle text-center\">\n\n\t\t\t\t\n\t\t\t\t\t\t\t\t\t<a rel=\"noopener noreferrer nofollow\" href=\"https:\/\/www.facebook.com\/sharer\/sharer.php?u=https:\/\/hackl-gastro.at\/aktuelles\/burger-2for1-m-lounge\/\" target=\"_blank\" class=\" wd-social-icon social-facebook\" aria-label=\"Facebook social link\">\n\t\t\t\t\t\t<span class=\"wd-icon\"><\/span>\n\t\t\t\t\t\t\t\t\t\t\t<\/a>\n\t\t\t\t\n\t\t\t\t\t\t\t\t\t<a rel=\"noopener noreferrer nofollow\" href=\"https:\/\/twitter.com\/share?url=https:\/\/hackl-gastro.at\/aktuelles\/burger-2for1-m-lounge\/\" target=\"_blank\" class=\" wd-social-icon social-twitter\" aria-label=\"Twitter social link\">\n\t\t\t\t\t\t<span class=\"wd-icon\"><\/span>\n\t\t\t\t\t\t\t\t\t\t\t<\/a>\n\t\t\t\t\n\t\t\t\t\n\t\t\t\t\n\t\t\t\t\n\t\t\t\t\t\t\t\t\t<a rel=\"noopener noreferrer nofollow\" href=\"https:\/\/pinterest.com\/pin\/create\/button\/?url=https:\/\/hackl-gastro.at\/aktuelles\/burger-2for1-m-lounge\/&media=https:\/\/hackl-gastro.at\/wp-content\/uploads\/GOWien_Cheeseburger_Hackl-Gastro-Mittagsmenue.jpg&description=Jeden+Freitag%3A+Burger+2for1\" target=\"_blank\" class=\" wd-social-icon social-pinterest\" aria-label=\"Pinterest social link\">\n\t\t\t\t\t\t<span class=\"wd-icon\"><\/span>\n\t\t\t\t\t\t\t\t\t\t\t<\/a>\n\t\t\t\t\n\t\t\t\t\n\t\t\t\t\t\t\t\t\t<a rel=\"noopener noreferrer nofollow\" href=\"https:\/\/www.linkedin.com\/shareArticle?mini=true&url=https:\/\/hackl-gastro.at\/aktuelles\/burger-2for1-m-lounge\/\" target=\"_blank\" class=\" wd-social-icon social-linkedin\" aria-label=\"Linkedin social link\">\n\t\t\t\t\t\t<span class=\"wd-icon\"><\/span>\n\t\t\t\t\t\t\t\t\t\t\t<\/a>\n\t\t\t\t\n\t\t\t\t\n\t\t\t\t\n\t\t\t\t\n\t\t\t\t\n\t\t\t\t\n\t\t\t\t\n\t\t\t\t\n\t\t\t\t\n\t\t\t\t\n\t\t\t\t\t\t\t\t\n\t\t\t\t\t\t\t\t\n\t\t\t\t\n\t\t\t\t\n\t\t\t\t\t\t\t\t\t<a rel=\"noopener noreferrer nofollow\" href=\"https:\/\/telegram.me\/share\/url?url=https:\/\/hackl-gastro.at\/aktuelles\/burger-2for1-m-lounge\/\" target=\"_blank\" class=\" wd-social-icon social-tg\" aria-label=\"Telegram social link\">\n\t\t\t\t\t\t<span class=\"wd-icon\"><\/span>\n\t\t\t\t\t\t\t\t\t\t\t<\/a>\n\t\t\t\t\t\t\t\t\n\t\t\t\t\n\t\t\t<\/div>\n\n\t\t\t\t\t\t\t\t\t<\/div>\n\t\t\t\t\t\t<\/div>\n\t\t\t\t\t\t\t\t\t<\/div>\n\t\t\t<\/figure>\n\t\t\n\t\t<div class=\"portfolio-info\">\n\t\t\t\t\t\t\t<div class=\"wrap-meta\">\n\t\t\t\t\t<ul class=\"proj-cats-list\">\n\t\t\t\t\t\t\t\t\t\t\t\t\t\t\t\t\t\t\t\t<li>M Lounge<\/li>\n\t\t\t\t\t\t\t\t\t\t\t<\/ul>\n\t\t\t\t<\/div>\n\t\t\t\n\t\t\t<div class=\"wrap-title\">\n\t\t\t\t<h3 class=\"wd-entities-title\">\n\t\t\t\t\t<a href=\"https:\/\/hackl-gastro.at\/aktuelles\/burger-2for1-m-lounge\/\" rel=\"bookmark\">Jeden Freitag: Burger 2for1<\/a>\n\t\t\t\t<\/h3>\n\t\t\t<\/div>\n\t\t<\/div>\n\t<\/header>\n<\/article>\n\t\t\n\t\t\n\t\t\n\t\t\t\t\t","status":"have-posts","nextPage":"https:\/\/hackl-gastro.at\/aktuelles\/page\/8\/?woo_ajax=1","currentPage":"https:\/\/hackl-gastro.at\/aktuelles\/page\/7"}